{"id":2453,"date":"2020-01-27T16:47:56","date_gmt":"2020-01-27T15:47:56","guid":{"rendered":"http:\/\/agora.xtec.cat\/ceip-joan-coret\/?p=2453"},"modified":"2020-01-27T16:47:56","modified_gmt":"2020-01-27T15:47:56","slug":"exposicio-experiment-3r-a-p-3","status":"publish","type":"post","link":"https:\/\/agora.xtec.cat\/ceip-joan-coret\/infantil\/i3\/exposicio-experiment-3r-a-p-3\/","title":{"rendered":"Exposici\u00f3 Experiment 3r a P-3"},"content":{"rendered":"<p>Durant la setmana de la Ci\u00e8ncia, les classes de 3r van explicar qu\u00e8 havien fet a les classes de P-3. Aqu\u00ed teniu les fotos:<\/p>\n<p><a href=\"https:\/\/photos.app.goo.gl\/znZ7Lb9nM7oD4Kt37\" target=\"_blank\" rel=\"noopener noreferrer\">https:\/\/photos.app.goo.gl\/znZ7Lb9nM7oD4Kt37<\/a><\/p>\n","protected":false},"excerpt":{"rendered":"<p>Durant la setmana de la Ci\u00e8ncia, les classes de 3r van explicar qu\u00e8 havien fet a les classes de P-3. Aqu\u00ed teniu les fotos:<br \/>\n<a href=\"https:\/\/photos.app.goo.gl\/znZ7Lb9nM7oD4Kt37\" target=\"_blank\" rel=\"noopener noreferrer\">https:\/\/photos.app.goo.gl\/znZ7Lb9nM7oD4Kt37<\/a><\/p>\n","protected":false},"author":3,"featured_media":0,"comment_status":"open","ping_status":"closed","sticky":false,"template":"","format":"standard","meta":{"_bbp_topic_count":0,"_bbp_reply_count":0,"_bbp_total_topic_count":0,"_bbp_total_reply_count":0,"_bbp_voice_count":0,"_bbp_anonymous_reply_count":0,"_bbp_topic_count_hidden":0,"_bbp_reply_count_hidden":0,"_bbp_forum_subforum_count":0,"footnotes":""},"categories":[12,3,4],"tags":[72,185,153],"class_list":["post-2453","post","type-post","status-publish","format-standard","hentry","category-3r","category-i3","category-portada","tag-3r","tag-p-3","tag-setmana-de-la-ciencia"],"post_mailing_queue_ids":[],"_links":{"self":[{"href":"https:\/\/agora.xtec.cat\/ceip-joan-coret\/wp-json\/wp\/v2\/posts\/2453","targetHints":{"allow":["GET"]}}],"collection":[{"href":"https:\/\/agora.xtec.cat\/ceip-joan-coret\/wp-json\/wp\/v2\/posts"}],"about":[{"href":"https:\/\/agora.xtec.cat\/ceip-joan-coret\/wp-json\/wp\/v2\/types\/post"}],"author":[{"embeddable":true,"href":"https:\/\/agora.xtec.cat\/ceip-joan-coret\/wp-json\/wp\/v2\/users\/3"}],"replies":[{"embeddable":true,"href":"https:\/\/agora.xtec.cat\/ceip-joan-coret\/wp-json\/wp\/v2\/comments?post=2453"}],"version-history":[{"count":1,"href":"https:\/\/agora.xtec.cat\/ceip-joan-coret\/wp-json\/wp\/v2\/posts\/2453\/revisions"}],"predecessor-version":[{"id":2454,"href":"https:\/\/agora.xtec.cat\/ceip-joan-coret\/wp-json\/wp\/v2\/posts\/2453\/revisions\/2454"}],"wp:attachment":[{"href":"https:\/\/agora.xtec.cat\/ceip-joan-coret\/wp-json\/wp\/v2\/media?parent=2453"}],"wp:term":[{"taxonomy":"category","embeddable":true,"href":"https:\/\/agora.xtec.cat\/ceip-joan-coret\/wp-json\/wp\/v2\/categories?post=2453"},{"taxonomy":"post_tag","embeddable":true,"href":"https:\/\/agora.xtec.cat\/ceip-joan-coret\/wp-json\/wp\/v2\/tags?post=2453"}],"curies":[{"name":"wp","href":"https:\/\/api.w.org\/{rel}","templated":true}]}}