{"id":2451,"date":"2020-01-27T16:43:09","date_gmt":"2020-01-27T15:43:09","guid":{"rendered":"http:\/\/agora.xtec.cat\/ceip-joan-coret\/?p=2451"},"modified":"2020-01-27T16:49:52","modified_gmt":"2020-01-27T15:49:52","slug":"exposicio-experiment-4t-a","status":"publish","type":"post","link":"https:\/\/agora.xtec.cat\/ceip-joan-coret\/portada\/exposicio-experiment-4t-a\/","title":{"rendered":"Exposici\u00f3 experiment 4t"},"content":{"rendered":"<p>Durant la setmana de la Ci\u00e8ncia la classe de 4t vam explicar el nostres experiment a P-5. Voleu veure les fotos? Aqu\u00ed les teniu:<\/p>\n<p><a href=\"https:\/\/photos.app.goo.gl\/Z7XttgxpHUDSXkbk8\" target=\"_blank\" rel=\"noopener noreferrer\">https:\/\/photos.app.goo.gl\/Z7XttgxpHUDSXkbk8<\/a><\/p>\n","protected":false},"excerpt":{"rendered":"<p>Durant la setmana de la Ci\u00e8ncia la classe de 4t vam explicar el nostres experiment a P-5. Voleu veure les fotos? Aqu\u00ed les teniu:<br \/>\n<a href=\"https:\/\/photos.app.goo.gl\/Z7XttgxpHUDSXkbk8\" target=\"_blank\" rel=\"noopener noreferrer\">https:\/\/photos.app.goo.gl\/Z7XttgxpHUDSXkbk8<\/a><\/p>\n","protected":false},"author":3,"featured_media":0,"comment_status":"open","ping_status":"closed","sticky":false,"template":"","format":"standard","meta":{"_bbp_topic_count":0,"_bbp_reply_count":0,"_bbp_total_topic_count":0,"_bbp_total_reply_count":0,"_bbp_voice_count":0,"_bbp_anonymous_reply_count":0,"_bbp_topic_count_hidden":0,"_bbp_reply_count_hidden":0,"_bbp_forum_subforum_count":0,"footnotes":""},"categories":[13,4],"tags":[97,153],"class_list":["post-2451","post","type-post","status-publish","format-standard","hentry","category-4t","category-portada","tag-4t","tag-setmana-de-la-ciencia"],"post_mailing_queue_ids":[],"_links":{"self":[{"href":"https:\/\/agora.xtec.cat\/ceip-joan-coret\/wp-json\/wp\/v2\/posts\/2451","targetHints":{"allow":["GET"]}}],"collection":[{"href":"https:\/\/agora.xtec.cat\/ceip-joan-coret\/wp-json\/wp\/v2\/posts"}],"about":[{"href":"https:\/\/agora.xtec.cat\/ceip-joan-coret\/wp-json\/wp\/v2\/types\/post"}],"author":[{"embeddable":true,"href":"https:\/\/agora.xtec.cat\/ceip-joan-coret\/wp-json\/wp\/v2\/users\/3"}],"replies":[{"embeddable":true,"href":"https:\/\/agora.xtec.cat\/ceip-joan-coret\/wp-json\/wp\/v2\/comments?post=2451"}],"version-history":[{"count":2,"href":"https:\/\/agora.xtec.cat\/ceip-joan-coret\/wp-json\/wp\/v2\/posts\/2451\/revisions"}],"predecessor-version":[{"id":2455,"href":"https:\/\/agora.xtec.cat\/ceip-joan-coret\/wp-json\/wp\/v2\/posts\/2451\/revisions\/2455"}],"wp:attachment":[{"href":"https:\/\/agora.xtec.cat\/ceip-joan-coret\/wp-json\/wp\/v2\/media?parent=2451"}],"wp:term":[{"taxonomy":"category","embeddable":true,"href":"https:\/\/agora.xtec.cat\/ceip-joan-coret\/wp-json\/wp\/v2\/categories?post=2451"},{"taxonomy":"post_tag","embeddable":true,"href":"https:\/\/agora.xtec.cat\/ceip-joan-coret\/wp-json\/wp\/v2\/tags?post=2451"}],"curies":[{"name":"wp","href":"https:\/\/api.w.org\/{rel}","templated":true}]}}