{"id":2449,"date":"2020-01-27T16:39:25","date_gmt":"2020-01-27T15:39:25","guid":{"rendered":"http:\/\/agora.xtec.cat\/ceip-joan-coret\/?p=2449"},"modified":"2020-01-27T16:39:25","modified_gmt":"2020-01-27T15:39:25","slug":"aprenem-centenes-desenes-i-unitats-3rb","status":"publish","type":"post","link":"https:\/\/agora.xtec.cat\/ceip-joan-coret\/portada\/aprenem-centenes-desenes-i-unitats-3rb\/","title":{"rendered":"Aprenem centenes, desenes i unitats 3rB"},"content":{"rendered":"<p>Voleu fotos per veure com ens ho passem treballant amb els n\u00fameros? S\u00ed? Doncs, aqu\u00ed teniu les fotos:<\/p>\n<p><a href=\"https:\/\/photos.app.goo.gl\/KzgHzsSTXJsHGGzKA\" target=\"_blank\" rel=\"noopener noreferrer\">https:\/\/photos.app.goo.gl\/KzgHzsSTXJsHGGzKA<\/a><\/p>\n","protected":false},"excerpt":{"rendered":"<p>Voleu fotos per veure com ens ho passem treballant amb els n\u00fameros? S\u00ed? Doncs, aqu\u00ed teniu les fotos:<br \/>\n<a href=\"https:\/\/photos.app.goo.gl\/KzgHzsSTXJsHGGzKA\" target=\"_blank\" rel=\"noopener noreferrer\">https:\/\/photos.app.goo.gl\/KzgHzsSTXJsHGGzKA<\/a><\/p>\n","protected":false},"author":3,"featured_media":0,"comment_status":"open","ping_status":"closed","sticky":false,"template":"","format":"standard","meta":{"_bbp_topic_count":0,"_bbp_reply_count":0,"_bbp_total_topic_count":0,"_bbp_total_reply_count":0,"_bbp_voice_count":0,"_bbp_anonymous_reply_count":0,"_bbp_topic_count_hidden":0,"_bbp_reply_count_hidden":0,"_bbp_forum_subforum_count":0,"footnotes":""},"categories":[12,4],"tags":[72],"class_list":["post-2449","post","type-post","status-publish","format-standard","hentry","category-3r","category-portada","tag-3r"],"post_mailing_queue_ids":[],"_links":{"self":[{"href":"https:\/\/agora.xtec.cat\/ceip-joan-coret\/wp-json\/wp\/v2\/posts\/2449","targetHints":{"allow":["GET"]}}],"collection":[{"href":"https:\/\/agora.xtec.cat\/ceip-joan-coret\/wp-json\/wp\/v2\/posts"}],"about":[{"href":"https:\/\/agora.xtec.cat\/ceip-joan-coret\/wp-json\/wp\/v2\/types\/post"}],"author":[{"embeddable":true,"href":"https:\/\/agora.xtec.cat\/ceip-joan-coret\/wp-json\/wp\/v2\/users\/3"}],"replies":[{"embeddable":true,"href":"https:\/\/agora.xtec.cat\/ceip-joan-coret\/wp-json\/wp\/v2\/comments?post=2449"}],"version-history":[{"count":1,"href":"https:\/\/agora.xtec.cat\/ceip-joan-coret\/wp-json\/wp\/v2\/posts\/2449\/revisions"}],"predecessor-version":[{"id":2450,"href":"https:\/\/agora.xtec.cat\/ceip-joan-coret\/wp-json\/wp\/v2\/posts\/2449\/revisions\/2450"}],"wp:attachment":[{"href":"https:\/\/agora.xtec.cat\/ceip-joan-coret\/wp-json\/wp\/v2\/media?parent=2449"}],"wp:term":[{"taxonomy":"category","embeddable":true,"href":"https:\/\/agora.xtec.cat\/ceip-joan-coret\/wp-json\/wp\/v2\/categories?post=2449"},{"taxonomy":"post_tag","embeddable":true,"href":"https:\/\/agora.xtec.cat\/ceip-joan-coret\/wp-json\/wp\/v2\/tags?post=2449"}],"curies":[{"name":"wp","href":"https:\/\/api.w.org\/{rel}","templated":true}]}}