{"id":2431,"date":"2020-01-08T09:29:49","date_gmt":"2020-01-08T08:29:49","guid":{"rendered":"http:\/\/agora.xtec.cat\/ceip-joan-coret\/?p=2431"},"modified":"2020-01-08T09:33:03","modified_gmt":"2020-01-08T08:33:03","slug":"experiment-5e-setmana-de-la-ciencia","status":"publish","type":"post","link":"https:\/\/agora.xtec.cat\/ceip-joan-coret\/portada\/experiment-5e-setmana-de-la-ciencia\/","title":{"rendered":"Experiment 5\u00e8 Setmana de la Ci\u00e8ncia"},"content":{"rendered":"<p>Durant la setmana de la Ci\u00e8ncia a 5\u00e8 vam fer un experiment molt interessant. Aqu\u00ed teniu les fotos:<\/p>\n<p><a href=\"https:\/\/photos.app.goo.gl\/PySXje7tZ2L5iAtv8\" target=\"_blank\" rel=\"noopener noreferrer\">https:\/\/photos.app.goo.gl\/PySXje7tZ2L5iAtv8<\/a><\/p>\n<p><iframe loading=\"lazy\" src=\"\/\/www.youtube.com\/embed\/K_ICXgkjEEg\" width=\"200\" height=\"112\" allowfullscreen=\"allowfullscreen\"><\/iframe><iframe loading=\"lazy\" src=\"\/\/www.youtube.com\/embed\/N53r5MGkc8w\" width=\"200\" height=\"112\" allowfullscreen=\"allowfullscreen\"><\/iframe><iframe loading=\"lazy\" src=\"\/\/www.youtube.com\/embed\/Yk5tBbJIyTw\" width=\"200\" height=\"112\" allowfullscreen=\"allowfullscreen\"><\/iframe><\/p>\n","protected":false},"excerpt":{"rendered":"<p>Durant la setmana de la Ci\u00e8ncia a 5\u00e8 vam fer un experiment molt interessant. Aqu\u00ed teniu les fotos:<br \/>\n<a href=\"https:\/\/photos.app.goo.gl\/PySXje7tZ2L5iAtv8\" target=\"_blank\" rel=\"noopener noreferrer\">https:\/\/photos.app.goo.gl\/PySXje7tZ2L5iAtv8<\/a><\/p>\n","protected":false},"author":3,"featured_media":0,"comment_status":"open","ping_status":"closed","sticky":false,"template":"","format":"standard","meta":{"_bbp_topic_count":0,"_bbp_reply_count":0,"_bbp_total_topic_count":0,"_bbp_total_reply_count":0,"_bbp_voice_count":0,"_bbp_anonymous_reply_count":0,"_bbp_topic_count_hidden":0,"_bbp_reply_count_hidden":0,"_bbp_forum_subforum_count":0,"footnotes":""},"categories":[14,4],"tags":[68,153],"class_list":["post-2431","post","type-post","status-publish","format-standard","hentry","category-5e","category-portada","tag-5e","tag-setmana-de-la-ciencia"],"post_mailing_queue_ids":[],"_links":{"self":[{"href":"https:\/\/agora.xtec.cat\/ceip-joan-coret\/wp-json\/wp\/v2\/posts\/2431","targetHints":{"allow":["GET"]}}],"collection":[{"href":"https:\/\/agora.xtec.cat\/ceip-joan-coret\/wp-json\/wp\/v2\/posts"}],"about":[{"href":"https:\/\/agora.xtec.cat\/ceip-joan-coret\/wp-json\/wp\/v2\/types\/post"}],"author":[{"embeddable":true,"href":"https:\/\/agora.xtec.cat\/ceip-joan-coret\/wp-json\/wp\/v2\/users\/3"}],"replies":[{"embeddable":true,"href":"https:\/\/agora.xtec.cat\/ceip-joan-coret\/wp-json\/wp\/v2\/comments?post=2431"}],"version-history":[{"count":2,"href":"https:\/\/agora.xtec.cat\/ceip-joan-coret\/wp-json\/wp\/v2\/posts\/2431\/revisions"}],"predecessor-version":[{"id":2433,"href":"https:\/\/agora.xtec.cat\/ceip-joan-coret\/wp-json\/wp\/v2\/posts\/2431\/revisions\/2433"}],"wp:attachment":[{"href":"https:\/\/agora.xtec.cat\/ceip-joan-coret\/wp-json\/wp\/v2\/media?parent=2431"}],"wp:term":[{"taxonomy":"category","embeddable":true,"href":"https:\/\/agora.xtec.cat\/ceip-joan-coret\/wp-json\/wp\/v2\/categories?post=2431"},{"taxonomy":"post_tag","embeddable":true,"href":"https:\/\/agora.xtec.cat\/ceip-joan-coret\/wp-json\/wp\/v2\/tags?post=2431"}],"curies":[{"name":"wp","href":"https:\/\/api.w.org\/{rel}","templated":true}]}}