{"id":2425,"date":"2020-01-27T16:30:12","date_gmt":"2020-01-27T15:30:12","guid":{"rendered":"http:\/\/agora.xtec.cat\/ceip-joan-coret\/?p=2425"},"modified":"2020-01-27T16:30:12","modified_gmt":"2020-01-27T15:30:12","slug":"setmana-de-la-ciencia-fem-un-cotxe-propulsat","status":"publish","type":"post","link":"https:\/\/agora.xtec.cat\/ceip-joan-coret\/portada\/setmana-de-la-ciencia-fem-un-cotxe-propulsat\/","title":{"rendered":"Setmana de la Ci\u00e8ncia: Fem un cotxe propulsat"},"content":{"rendered":"<p>Els alumnes de 4t vam fer un experiment del gran inventor, pintor, fil\u00f2sof&#8230;. LEONARDO DA VINCI! Per unes hores ens vam convertir en inventors:\u00a0 amb molts intents i errors vam aconseguir fer propulsar un cotxe! La veritat, \u00e9s que si ens ho proposem podem ser grans genis! aqu\u00ed teniu la demostraci\u00f3.<\/p>\n<p><a href=\"https:\/\/photos.app.goo.gl\/r8i82txfsa8CXkkM7\" target=\"_blank\" rel=\"noopener noreferrer\">https:\/\/photos.app.goo.gl\/r8i82txfsa8CXkkM7<\/a><\/p>\n","protected":false},"excerpt":{"rendered":"<p>Els alumnes de 4t vam fer un experiment del gran inventor, pintor, fil\u00f2sof&#8230;. LEONARDO DA VINCI! Per unes hores ens vam convertir en inventors:\u00a0 amb molts intents i errors vam aconseguir fer propulsar un cotxe! La veritat, \u00e9s que si ens ho proposem podem ser&hellip;  <a href=\"https:\/\/agora.xtec.cat\/ceip-joan-coret\/portada\/setmana-de-la-ciencia-fem-un-cotxe-propulsat\/\" title=\"Read Setmana de la Ci\u00e8ncia: Fem un cotxe propulsat\">Llegeix m\u00e9s\u00bb<\/a><\/p>\n","protected":false},"author":2,"featured_media":0,"comment_status":"open","ping_status":"closed","sticky":false,"template":"","format":"standard","meta":{"_bbp_topic_count":0,"_bbp_reply_count":0,"_bbp_total_topic_count":0,"_bbp_total_reply_count":0,"_bbp_voice_count":0,"_bbp_anonymous_reply_count":0,"_bbp_topic_count_hidden":0,"_bbp_reply_count_hidden":0,"_bbp_forum_subforum_count":0,"footnotes":""},"categories":[13,4],"tags":[97,63,153],"class_list":["post-2425","post","type-post","status-publish","format-standard","hentry","category-4t","category-portada","tag-4t","tag-primaria","tag-setmana-de-la-ciencia"],"post_mailing_queue_ids":[],"_links":{"self":[{"href":"https:\/\/agora.xtec.cat\/ceip-joan-coret\/wp-json\/wp\/v2\/posts\/2425","targetHints":{"allow":["GET"]}}],"collection":[{"href":"https:\/\/agora.xtec.cat\/ceip-joan-coret\/wp-json\/wp\/v2\/posts"}],"about":[{"href":"https:\/\/agora.xtec.cat\/ceip-joan-coret\/wp-json\/wp\/v2\/types\/post"}],"author":[{"embeddable":true,"href":"https:\/\/agora.xtec.cat\/ceip-joan-coret\/wp-json\/wp\/v2\/users\/2"}],"replies":[{"embeddable":true,"href":"https:\/\/agora.xtec.cat\/ceip-joan-coret\/wp-json\/wp\/v2\/comments?post=2425"}],"version-history":[{"count":2,"href":"https:\/\/agora.xtec.cat\/ceip-joan-coret\/wp-json\/wp\/v2\/posts\/2425\/revisions"}],"predecessor-version":[{"id":2447,"href":"https:\/\/agora.xtec.cat\/ceip-joan-coret\/wp-json\/wp\/v2\/posts\/2425\/revisions\/2447"}],"wp:attachment":[{"href":"https:\/\/agora.xtec.cat\/ceip-joan-coret\/wp-json\/wp\/v2\/media?parent=2425"}],"wp:term":[{"taxonomy":"category","embeddable":true,"href":"https:\/\/agora.xtec.cat\/ceip-joan-coret\/wp-json\/wp\/v2\/categories?post=2425"},{"taxonomy":"post_tag","embeddable":true,"href":"https:\/\/agora.xtec.cat\/ceip-joan-coret\/wp-json\/wp\/v2\/tags?post=2425"}],"curies":[{"name":"wp","href":"https:\/\/api.w.org\/{rel}","templated":true}]}}