{"id":2416,"date":"2019-12-17T13:38:59","date_gmt":"2019-12-17T12:38:59","guid":{"rendered":"http:\/\/agora.xtec.cat\/ceip-joan-coret\/?p=2416"},"modified":"2019-12-17T13:38:59","modified_gmt":"2019-12-17T12:38:59","slug":"jardi-botanic-5e","status":"publish","type":"post","link":"https:\/\/agora.xtec.cat\/ceip-joan-coret\/portada\/jardi-botanic-5e\/","title":{"rendered":"Jard\u00ed Bot\u00e0nic 5\u00e8"},"content":{"rendered":"<p>Les dues classes de 5\u00e8 vam anar al Jard\u00ed Bot\u00e0nic de Barcelona a fer un taller on ens van explicar de tot sobre les plantes i del Clima Mediterrani. Va estar molt interessant, tot i el fred que va fer, ens ho vam passar molt b\u00e9!<\/p>\n<p><a href=\"https:\/\/photos.app.goo.gl\/tajEQFShKthZtXC76\" target=\"_blank\" rel=\"noopener noreferrer\">https:\/\/photos.app.goo.gl\/tajEQFShKthZtXC76<\/a><\/p>\n","protected":false},"excerpt":{"rendered":"<p>Les dues classes de 5\u00e8 vam anar al Jard\u00ed Bot\u00e0nic de Barcelona a fer un taller on ens van explicar de tot sobre les plantes i del Clima Mediterrani. Va estar molt interessant, tot i el fred que va fer, ens ho vam passar molt&hellip;  <a href=\"https:\/\/agora.xtec.cat\/ceip-joan-coret\/portada\/jardi-botanic-5e\/\" title=\"Read Jard\u00ed Bot\u00e0nic 5\u00e8\">Llegeix m\u00e9s\u00bb<\/a><\/p>\n","protected":false},"author":3,"featured_media":0,"comment_status":"open","ping_status":"closed","sticky":false,"template":"","format":"standard","meta":{"_bbp_topic_count":0,"_bbp_reply_count":0,"_bbp_total_topic_count":0,"_bbp_total_reply_count":0,"_bbp_voice_count":0,"_bbp_anonymous_reply_count":0,"_bbp_topic_count_hidden":0,"_bbp_reply_count_hidden":0,"_bbp_forum_subforum_count":0,"footnotes":""},"categories":[14,4],"tags":[68,279],"class_list":["post-2416","post","type-post","status-publish","format-standard","hentry","category-5e","category-portada","tag-5e","tag-jardi-botanic"],"post_mailing_queue_ids":[],"_links":{"self":[{"href":"https:\/\/agora.xtec.cat\/ceip-joan-coret\/wp-json\/wp\/v2\/posts\/2416","targetHints":{"allow":["GET"]}}],"collection":[{"href":"https:\/\/agora.xtec.cat\/ceip-joan-coret\/wp-json\/wp\/v2\/posts"}],"about":[{"href":"https:\/\/agora.xtec.cat\/ceip-joan-coret\/wp-json\/wp\/v2\/types\/post"}],"author":[{"embeddable":true,"href":"https:\/\/agora.xtec.cat\/ceip-joan-coret\/wp-json\/wp\/v2\/users\/3"}],"replies":[{"embeddable":true,"href":"https:\/\/agora.xtec.cat\/ceip-joan-coret\/wp-json\/wp\/v2\/comments?post=2416"}],"version-history":[{"count":1,"href":"https:\/\/agora.xtec.cat\/ceip-joan-coret\/wp-json\/wp\/v2\/posts\/2416\/revisions"}],"predecessor-version":[{"id":2417,"href":"https:\/\/agora.xtec.cat\/ceip-joan-coret\/wp-json\/wp\/v2\/posts\/2416\/revisions\/2417"}],"wp:attachment":[{"href":"https:\/\/agora.xtec.cat\/ceip-joan-coret\/wp-json\/wp\/v2\/media?parent=2416"}],"wp:term":[{"taxonomy":"category","embeddable":true,"href":"https:\/\/agora.xtec.cat\/ceip-joan-coret\/wp-json\/wp\/v2\/categories?post=2416"},{"taxonomy":"post_tag","embeddable":true,"href":"https:\/\/agora.xtec.cat\/ceip-joan-coret\/wp-json\/wp\/v2\/tags?post=2416"}],"curies":[{"name":"wp","href":"https:\/\/api.w.org\/{rel}","templated":true}]}}