{"id":2400,"date":"2019-12-16T16:28:59","date_gmt":"2019-12-16T15:28:59","guid":{"rendered":"http:\/\/agora.xtec.cat\/ceip-joan-coret\/?p=2400"},"modified":"2019-12-16T16:28:59","modified_gmt":"2019-12-16T15:28:59","slug":"biblioteca-fondo-2n-2","status":"publish","type":"post","link":"https:\/\/agora.xtec.cat\/ceip-joan-coret\/portada\/biblioteca-fondo-2n-2\/","title":{"rendered":"Biblioteca Fondo 2n"},"content":{"rendered":"<p>Les classes de 2n vam fer una visita a la Biblioteca de Fondo, on ens van explicar tot de coses molt interessants que es poden fer a la Biblioteca, des del pr\u00e9stec, conta contes, suport inform\u00e0tic, etc. Les fotos?? Aqu\u00ed les teniu:<\/p>\n<p><a href=\"https:\/\/photos.app.goo.gl\/S6SrP5aViJU8AGLLA\" target=\"_blank\" rel=\"noopener noreferrer\">https:\/\/photos.app.goo.gl\/S6SrP5aViJU8AGLLA<\/a><\/p>\n","protected":false},"excerpt":{"rendered":"<p>Les classes de 2n vam fer una visita a la Biblioteca de Fondo, on ens van explicar tot de coses molt interessants que es poden fer a la Biblioteca, des del pr\u00e9stec, conta contes, suport inform\u00e0tic, etc. Les fotos?? Aqu\u00ed les teniu:<br \/>\n<a href=\"https:\/\/photos.app.goo.gl\/S6SrP5aViJU8AGLLA\" target=\"_blank\" rel=\"noopener&hellip;  <a href=\"https:\/\/agora.xtec.cat\/ceip-joan-coret\/portada\/biblioteca-fondo-2n-2\/\" title=\"Read Biblioteca Fondo 2n\">Llegeix m\u00e9s\u00bb<\/a><\/p>\n","protected":false},"author":3,"featured_media":0,"comment_status":"open","ping_status":"closed","sticky":false,"template":"","format":"standard","meta":{"_bbp_topic_count":0,"_bbp_reply_count":0,"_bbp_total_topic_count":0,"_bbp_total_reply_count":0,"_bbp_voice_count":0,"_bbp_anonymous_reply_count":0,"_bbp_topic_count_hidden":0,"_bbp_reply_count_hidden":0,"_bbp_forum_subforum_count":0,"footnotes":""},"categories":[11,4],"tags":[94,276],"class_list":["post-2400","post","type-post","status-publish","format-standard","hentry","category-2n","category-portada","tag-2n","tag-biblioteca-fondo"],"post_mailing_queue_ids":[],"_links":{"self":[{"href":"https:\/\/agora.xtec.cat\/ceip-joan-coret\/wp-json\/wp\/v2\/posts\/2400","targetHints":{"allow":["GET"]}}],"collection":[{"href":"https:\/\/agora.xtec.cat\/ceip-joan-coret\/wp-json\/wp\/v2\/posts"}],"about":[{"href":"https:\/\/agora.xtec.cat\/ceip-joan-coret\/wp-json\/wp\/v2\/types\/post"}],"author":[{"embeddable":true,"href":"https:\/\/agora.xtec.cat\/ceip-joan-coret\/wp-json\/wp\/v2\/users\/3"}],"replies":[{"embeddable":true,"href":"https:\/\/agora.xtec.cat\/ceip-joan-coret\/wp-json\/wp\/v2\/comments?post=2400"}],"version-history":[{"count":1,"href":"https:\/\/agora.xtec.cat\/ceip-joan-coret\/wp-json\/wp\/v2\/posts\/2400\/revisions"}],"predecessor-version":[{"id":2401,"href":"https:\/\/agora.xtec.cat\/ceip-joan-coret\/wp-json\/wp\/v2\/posts\/2400\/revisions\/2401"}],"wp:attachment":[{"href":"https:\/\/agora.xtec.cat\/ceip-joan-coret\/wp-json\/wp\/v2\/media?parent=2400"}],"wp:term":[{"taxonomy":"category","embeddable":true,"href":"https:\/\/agora.xtec.cat\/ceip-joan-coret\/wp-json\/wp\/v2\/categories?post=2400"},{"taxonomy":"post_tag","embeddable":true,"href":"https:\/\/agora.xtec.cat\/ceip-joan-coret\/wp-json\/wp\/v2\/tags?post=2400"}],"curies":[{"name":"wp","href":"https:\/\/api.w.org\/{rel}","templated":true}]}}