{"id":2396,"date":"2019-12-13T13:58:12","date_gmt":"2019-12-13T12:58:12","guid":{"rendered":"http:\/\/agora.xtec.cat\/ceip-joan-coret\/?p=2396"},"modified":"2019-12-17T13:40:01","modified_gmt":"2019-12-17T12:40:01","slug":"visita-al-poble-espanyol","status":"publish","type":"post","link":"https:\/\/agora.xtec.cat\/ceip-joan-coret\/general\/visita-al-poble-espanyol\/","title":{"rendered":"Visita al Poble Espanyol"},"content":{"rendered":"<p>El passat 20 de novembre, els i les alumnes de 6\u00e8 vam anar a visitar el Poble Espanyol. Passejant pels seus carrers i places, vam poder descobrir la diversitat arquitect\u00f2nica existent a Espanya, tema relacionat amb el nostre projecte de Medi Social anomenat &#8220;Viatgem per Espanya&#8221;. Va ser un dia molt complet, i ens ho vam passar d&#8217;all\u00f2 m\u00e9s b\u00e9!.<\/p>\n<p>Us deixem un recull de fotos d&#8217;aquesta\u00a0 jornada.<\/p>\n<p><a href=\"https:\/\/photos.app.goo.gl\/Gp9FQW4e3msUP3Ra8\" target=\"_blank\" rel=\"noopener noreferrer\">https:\/\/photos.app.goo.gl\/Gp9FQW4e3msUP3Ra8<\/a><\/p>\n","protected":false},"excerpt":{"rendered":"<p>El passat 20 de novembre, els i les alumnes de 6\u00e8 vam anar a visitar el Poble Espanyol. Passejant pels seus carrers i places, vam poder descobrir la diversitat arquitect\u00f2nica existent a Espanya, tema relacionat amb el nostre projecte de Medi Social anomenat &#8220;Viatgem per&hellip;  <a href=\"https:\/\/agora.xtec.cat\/ceip-joan-coret\/general\/visita-al-poble-espanyol\/\" title=\"Read Visita al Poble Espanyol\">Llegeix m\u00e9s\u00bb<\/a><\/p>\n","protected":false},"author":2,"featured_media":0,"comment_status":"open","ping_status":"closed","sticky":false,"template":"","format":"standard","meta":{"_bbp_topic_count":0,"_bbp_reply_count":0,"_bbp_total_topic_count":0,"_bbp_total_reply_count":0,"_bbp_voice_count":0,"_bbp_anonymous_reply_count":0,"_bbp_topic_count_hidden":0,"_bbp_reply_count_hidden":0,"_bbp_forum_subforum_count":0,"footnotes":""},"categories":[15,1,4],"tags":[],"class_list":["post-2396","post","type-post","status-publish","format-standard","hentry","category-6e","category-general","category-portada"],"post_mailing_queue_ids":[],"_links":{"self":[{"href":"https:\/\/agora.xtec.cat\/ceip-joan-coret\/wp-json\/wp\/v2\/posts\/2396","targetHints":{"allow":["GET"]}}],"collection":[{"href":"https:\/\/agora.xtec.cat\/ceip-joan-coret\/wp-json\/wp\/v2\/posts"}],"about":[{"href":"https:\/\/agora.xtec.cat\/ceip-joan-coret\/wp-json\/wp\/v2\/types\/post"}],"author":[{"embeddable":true,"href":"https:\/\/agora.xtec.cat\/ceip-joan-coret\/wp-json\/wp\/v2\/users\/2"}],"replies":[{"embeddable":true,"href":"https:\/\/agora.xtec.cat\/ceip-joan-coret\/wp-json\/wp\/v2\/comments?post=2396"}],"version-history":[{"count":2,"href":"https:\/\/agora.xtec.cat\/ceip-joan-coret\/wp-json\/wp\/v2\/posts\/2396\/revisions"}],"predecessor-version":[{"id":2418,"href":"https:\/\/agora.xtec.cat\/ceip-joan-coret\/wp-json\/wp\/v2\/posts\/2396\/revisions\/2418"}],"wp:attachment":[{"href":"https:\/\/agora.xtec.cat\/ceip-joan-coret\/wp-json\/wp\/v2\/media?parent=2396"}],"wp:term":[{"taxonomy":"category","embeddable":true,"href":"https:\/\/agora.xtec.cat\/ceip-joan-coret\/wp-json\/wp\/v2\/categories?post=2396"},{"taxonomy":"post_tag","embeddable":true,"href":"https:\/\/agora.xtec.cat\/ceip-joan-coret\/wp-json\/wp\/v2\/tags?post=2396"}],"curies":[{"name":"wp","href":"https:\/\/api.w.org\/{rel}","templated":true}]}}