{"id":2390,"date":"2019-11-26T13:46:35","date_gmt":"2019-11-26T12:46:35","guid":{"rendered":"http:\/\/agora.xtec.cat\/ceip-joan-coret\/?p=2390"},"modified":"2019-11-26T13:46:35","modified_gmt":"2019-11-26T12:46:35","slug":"fem-panellets-a-ed-infantil","status":"publish","type":"post","link":"https:\/\/agora.xtec.cat\/ceip-joan-coret\/infantil\/fem-panellets-a-ed-infantil\/","title":{"rendered":"Fem Panellets a Ed. Infantil"},"content":{"rendered":"<p><span lang=\"en-US\">Els nens i nenes d\u2019Infantil hem fet panellets. <\/span><\/p>\n<p>Agra\u00efm la col\u00b7laboraci\u00f3 de totes les fam\u00edlies volunt\u00e0ries.<\/p>\n<p><a href=\"https:\/\/photos.app.goo.gl\/ZtbKNYVJb6dFm4ey6\" target=\"_blank\" rel=\"noopener noreferrer\">https:\/\/photos.app.goo.gl\/ZtbKNYVJb6dFm4ey6<\/a><\/p>\n","protected":false},"excerpt":{"rendered":"<p>Els nens i nenes d\u2019Infantil hem fet panellets.<br \/>\nAgra\u00efm la col\u00b7laboraci\u00f3 de totes les fam\u00edlies volunt\u00e0ries.<br \/>\n<a href=\"https:\/\/photos.app.goo.gl\/ZtbKNYVJb6dFm4ey6\" target=\"_blank\" rel=\"noopener noreferrer\">https:\/\/photos.app.goo.gl\/ZtbKNYVJb6dFm4ey6<\/a><\/p>\n","protected":false},"author":3,"featured_media":0,"comment_status":"open","ping_status":"closed","sticky":false,"template":"","format":"standard","meta":{"_bbp_topic_count":0,"_bbp_reply_count":0,"_bbp_total_topic_count":0,"_bbp_total_reply_count":0,"_bbp_voice_count":0,"_bbp_anonymous_reply_count":0,"_bbp_topic_count_hidden":0,"_bbp_reply_count_hidden":0,"_bbp_forum_subforum_count":0,"footnotes":""},"categories":[2,4],"tags":[88,155],"class_list":["post-2390","post","type-post","status-publish","format-standard","hentry","category-infantil","category-portada","tag-ed-infantil","tag-panellets"],"post_mailing_queue_ids":[],"_links":{"self":[{"href":"https:\/\/agora.xtec.cat\/ceip-joan-coret\/wp-json\/wp\/v2\/posts\/2390","targetHints":{"allow":["GET"]}}],"collection":[{"href":"https:\/\/agora.xtec.cat\/ceip-joan-coret\/wp-json\/wp\/v2\/posts"}],"about":[{"href":"https:\/\/agora.xtec.cat\/ceip-joan-coret\/wp-json\/wp\/v2\/types\/post"}],"author":[{"embeddable":true,"href":"https:\/\/agora.xtec.cat\/ceip-joan-coret\/wp-json\/wp\/v2\/users\/3"}],"replies":[{"embeddable":true,"href":"https:\/\/agora.xtec.cat\/ceip-joan-coret\/wp-json\/wp\/v2\/comments?post=2390"}],"version-history":[{"count":1,"href":"https:\/\/agora.xtec.cat\/ceip-joan-coret\/wp-json\/wp\/v2\/posts\/2390\/revisions"}],"predecessor-version":[{"id":2391,"href":"https:\/\/agora.xtec.cat\/ceip-joan-coret\/wp-json\/wp\/v2\/posts\/2390\/revisions\/2391"}],"wp:attachment":[{"href":"https:\/\/agora.xtec.cat\/ceip-joan-coret\/wp-json\/wp\/v2\/media?parent=2390"}],"wp:term":[{"taxonomy":"category","embeddable":true,"href":"https:\/\/agora.xtec.cat\/ceip-joan-coret\/wp-json\/wp\/v2\/categories?post=2390"},{"taxonomy":"post_tag","embeddable":true,"href":"https:\/\/agora.xtec.cat\/ceip-joan-coret\/wp-json\/wp\/v2\/tags?post=2390"}],"curies":[{"name":"wp","href":"https:\/\/api.w.org\/{rel}","templated":true}]}}