{"id":2354,"date":"2019-11-15T13:22:16","date_gmt":"2019-11-15T12:22:16","guid":{"rendered":"http:\/\/agora.xtec.cat\/ceip-joan-coret\/?p=2354"},"modified":"2019-11-15T13:22:16","modified_gmt":"2019-11-15T12:22:16","slug":"sortida-de-tardor-cicle-superior-19-20","status":"publish","type":"post","link":"https:\/\/agora.xtec.cat\/ceip-joan-coret\/portada\/sortida-de-tardor-cicle-superior-19-20\/","title":{"rendered":"Sortida de Tardor Cicle Superior 19-20"},"content":{"rendered":"<p>El passat dia 31 tot el Cicle Superior de l&#8217;escola vam anar de sortida a Sant Jeroni de la Murtra. Vam caminar molt\u00edssim, per\u00f2 ens ho vam passar Genial! Fotos????.. Aqu\u00ed les teniu!<\/p>\n<p><a href=\"https:\/\/photos.app.goo.gl\/uKNLndgdTm36SMYEA\" target=\"_blank\" rel=\"noopener noreferrer\">https:\/\/photos.app.goo.gl\/uKNLndgdTm36SMYEA<\/a><\/p>\n","protected":false},"excerpt":{"rendered":"<p>El passat dia 31 tot el Cicle Superior de l&#8217;escola vam anar de sortida a Sant Jeroni de la Murtra. Vam caminar molt\u00edssim, per\u00f2 ens ho vam passar Genial! Fotos????.. Aqu\u00ed les teniu!<br \/>\n<a href=\"https:\/\/photos.app.goo.gl\/uKNLndgdTm36SMYEA\" target=\"_blank\" rel=\"noopener noreferrer\">https:\/\/photos.app.goo.gl\/uKNLndgdTm36SMYEA<\/a><\/p>\n","protected":false},"author":3,"featured_media":0,"comment_status":"open","ping_status":"closed","sticky":false,"template":"","format":"standard","meta":{"_bbp_topic_count":0,"_bbp_reply_count":0,"_bbp_total_topic_count":0,"_bbp_total_reply_count":0,"_bbp_voice_count":0,"_bbp_anonymous_reply_count":0,"_bbp_topic_count_hidden":0,"_bbp_reply_count_hidden":0,"_bbp_forum_subforum_count":0,"footnotes":""},"categories":[14,15,4],"tags":[270,271,160],"class_list":["post-2354","post","type-post","status-publish","format-standard","hentry","category-5e","category-6e","category-portada","tag-c-superior","tag-sant-jeroni-de-la-murtra","tag-tardor"],"post_mailing_queue_ids":[],"_links":{"self":[{"href":"https:\/\/agora.xtec.cat\/ceip-joan-coret\/wp-json\/wp\/v2\/posts\/2354","targetHints":{"allow":["GET"]}}],"collection":[{"href":"https:\/\/agora.xtec.cat\/ceip-joan-coret\/wp-json\/wp\/v2\/posts"}],"about":[{"href":"https:\/\/agora.xtec.cat\/ceip-joan-coret\/wp-json\/wp\/v2\/types\/post"}],"author":[{"embeddable":true,"href":"https:\/\/agora.xtec.cat\/ceip-joan-coret\/wp-json\/wp\/v2\/users\/3"}],"replies":[{"embeddable":true,"href":"https:\/\/agora.xtec.cat\/ceip-joan-coret\/wp-json\/wp\/v2\/comments?post=2354"}],"version-history":[{"count":1,"href":"https:\/\/agora.xtec.cat\/ceip-joan-coret\/wp-json\/wp\/v2\/posts\/2354\/revisions"}],"predecessor-version":[{"id":2355,"href":"https:\/\/agora.xtec.cat\/ceip-joan-coret\/wp-json\/wp\/v2\/posts\/2354\/revisions\/2355"}],"wp:attachment":[{"href":"https:\/\/agora.xtec.cat\/ceip-joan-coret\/wp-json\/wp\/v2\/media?parent=2354"}],"wp:term":[{"taxonomy":"category","embeddable":true,"href":"https:\/\/agora.xtec.cat\/ceip-joan-coret\/wp-json\/wp\/v2\/categories?post=2354"},{"taxonomy":"post_tag","embeddable":true,"href":"https:\/\/agora.xtec.cat\/ceip-joan-coret\/wp-json\/wp\/v2\/tags?post=2354"}],"curies":[{"name":"wp","href":"https:\/\/api.w.org\/{rel}","templated":true}]}}