{"id":2343,"date":"2019-10-28T12:43:49","date_gmt":"2019-10-28T11:43:49","guid":{"rendered":"http:\/\/agora.xtec.cat\/ceip-joan-coret\/?p=2343"},"modified":"2019-10-28T12:43:49","modified_gmt":"2019-10-28T11:43:49","slug":"grups-flexibles-matematiques-p-5","status":"publish","type":"post","link":"https:\/\/agora.xtec.cat\/ceip-joan-coret\/portada\/grups-flexibles-matematiques-p-5\/","title":{"rendered":"Grups flexibles Matem\u00e0tiques P-5"},"content":{"rendered":"<p>Al grup flexible de matem\u00e0tiques ens ho passem d\u2019all\u00f2 m\u00e9s b\u00e9. Estem treballant la grafia i la quantitat dels n\u00fameros: enganxem animals, escrivim els n\u00fameros de maneres diferents i tamb\u00e9 juguem al memori d\u2019associaci\u00f3, ens ho passem pipa i aprenem molt!<\/p>\n<p>Aqu\u00ed teniu algunes fotos:<\/p>\n<p><a href=\"https:\/\/photos.app.goo.gl\/DDEXq3ChTQM439Cy7\" target=\"_blank\" rel=\"noopener noreferrer\">https:\/\/photos.app.goo.gl\/DDEXq3ChTQM439Cy7<\/a><\/p>\n","protected":false},"excerpt":{"rendered":"<p>Al grup flexible de matem\u00e0tiques ens ho passem d\u2019all\u00f2 m\u00e9s b\u00e9. Estem treballant la grafia i la quantitat dels n\u00fameros: enganxem animals, escrivim els n\u00fameros de maneres diferents i tamb\u00e9 juguem al memori d\u2019associaci\u00f3, ens ho passem pipa i aprenem molt!<br \/>\nAqu\u00ed teniu algunes fotos:<br \/>\n<a href=\"https:\/\/photos.app.goo.gl\/DDEXq3ChTQM439Cy7\"&hellip;  <a href=\"https:\/\/agora.xtec.cat\/ceip-joan-coret\/portada\/grups-flexibles-matematiques-p-5\/\" title=\"Read Grups flexibles Matem\u00e0tiques P-5\">Llegeix m\u00e9s\u00bb<\/a><\/p>\n","protected":false},"author":3,"featured_media":0,"comment_status":"open","ping_status":"closed","sticky":false,"template":"","format":"standard","meta":{"_bbp_topic_count":0,"_bbp_reply_count":0,"_bbp_total_topic_count":0,"_bbp_total_reply_count":0,"_bbp_voice_count":0,"_bbp_anonymous_reply_count":0,"_bbp_topic_count_hidden":0,"_bbp_reply_count_hidden":0,"_bbp_forum_subforum_count":0,"footnotes":""},"categories":[9,4],"tags":[268,151],"class_list":["post-2343","post","type-post","status-publish","format-standard","hentry","category-i5","category-portada","tag-grups-flexibles","tag-p-5"],"post_mailing_queue_ids":[],"_links":{"self":[{"href":"https:\/\/agora.xtec.cat\/ceip-joan-coret\/wp-json\/wp\/v2\/posts\/2343","targetHints":{"allow":["GET"]}}],"collection":[{"href":"https:\/\/agora.xtec.cat\/ceip-joan-coret\/wp-json\/wp\/v2\/posts"}],"about":[{"href":"https:\/\/agora.xtec.cat\/ceip-joan-coret\/wp-json\/wp\/v2\/types\/post"}],"author":[{"embeddable":true,"href":"https:\/\/agora.xtec.cat\/ceip-joan-coret\/wp-json\/wp\/v2\/users\/3"}],"replies":[{"embeddable":true,"href":"https:\/\/agora.xtec.cat\/ceip-joan-coret\/wp-json\/wp\/v2\/comments?post=2343"}],"version-history":[{"count":1,"href":"https:\/\/agora.xtec.cat\/ceip-joan-coret\/wp-json\/wp\/v2\/posts\/2343\/revisions"}],"predecessor-version":[{"id":2344,"href":"https:\/\/agora.xtec.cat\/ceip-joan-coret\/wp-json\/wp\/v2\/posts\/2343\/revisions\/2344"}],"wp:attachment":[{"href":"https:\/\/agora.xtec.cat\/ceip-joan-coret\/wp-json\/wp\/v2\/media?parent=2343"}],"wp:term":[{"taxonomy":"category","embeddable":true,"href":"https:\/\/agora.xtec.cat\/ceip-joan-coret\/wp-json\/wp\/v2\/categories?post=2343"},{"taxonomy":"post_tag","embeddable":true,"href":"https:\/\/agora.xtec.cat\/ceip-joan-coret\/wp-json\/wp\/v2\/tags?post=2343"}],"curies":[{"name":"wp","href":"https:\/\/api.w.org\/{rel}","templated":true}]}}