{"id":2341,"date":"2019-10-28T12:34:37","date_gmt":"2019-10-28T11:34:37","guid":{"rendered":"http:\/\/agora.xtec.cat\/ceip-joan-coret\/?p=2341"},"modified":"2019-10-28T12:34:37","modified_gmt":"2019-10-28T11:34:37","slug":"biblioteca-fondo-2n","status":"publish","type":"post","link":"https:\/\/agora.xtec.cat\/ceip-joan-coret\/portada\/biblioteca-fondo-2n\/","title":{"rendered":"Biblioteca fondo 2n"},"content":{"rendered":"<p>Les dues classes de 2n hem anat de visita a la Biblioteca de Fondo. All\u00e0 ens van explicar com funcionava el servei de pr\u00e8stec, les activitats que es feien i tot un munt de coses que aquesta Biblioteca ens ofereix. Voleu veure les fotos? Aqu\u00ed les teniu:<\/p>\n<p><a href=\"https:\/\/photos.app.goo.gl\/S6SrP5aViJU8AGLLA\" target=\"_blank\" rel=\"noopener noreferrer\">https:\/\/photos.app.goo.gl\/S6SrP5aViJU8AGLLA<\/a><\/p>\n","protected":false},"excerpt":{"rendered":"<p>Les dues classes de 2n hem anat de visita a la Biblioteca de Fondo. All\u00e0 ens van explicar com funcionava el servei de pr\u00e8stec, les activitats que es feien i tot un munt de coses que aquesta Biblioteca ens ofereix. Voleu veure les fotos? Aqu\u00ed&hellip;  <a href=\"https:\/\/agora.xtec.cat\/ceip-joan-coret\/portada\/biblioteca-fondo-2n\/\" title=\"Read Biblioteca fondo 2n\">Llegeix m\u00e9s\u00bb<\/a><\/p>\n","protected":false},"author":3,"featured_media":0,"comment_status":"open","ping_status":"closed","sticky":false,"template":"","format":"standard","meta":{"_bbp_topic_count":0,"_bbp_reply_count":0,"_bbp_total_topic_count":0,"_bbp_total_reply_count":0,"_bbp_voice_count":0,"_bbp_anonymous_reply_count":0,"_bbp_topic_count_hidden":0,"_bbp_reply_count_hidden":0,"_bbp_forum_subforum_count":0,"footnotes":""},"categories":[11,4],"tags":[94,269],"class_list":["post-2341","post","type-post","status-publish","format-standard","hentry","category-2n","category-portada","tag-2n","tag-biblioteca-de-fondo"],"post_mailing_queue_ids":[],"_links":{"self":[{"href":"https:\/\/agora.xtec.cat\/ceip-joan-coret\/wp-json\/wp\/v2\/posts\/2341","targetHints":{"allow":["GET"]}}],"collection":[{"href":"https:\/\/agora.xtec.cat\/ceip-joan-coret\/wp-json\/wp\/v2\/posts"}],"about":[{"href":"https:\/\/agora.xtec.cat\/ceip-joan-coret\/wp-json\/wp\/v2\/types\/post"}],"author":[{"embeddable":true,"href":"https:\/\/agora.xtec.cat\/ceip-joan-coret\/wp-json\/wp\/v2\/users\/3"}],"replies":[{"embeddable":true,"href":"https:\/\/agora.xtec.cat\/ceip-joan-coret\/wp-json\/wp\/v2\/comments?post=2341"}],"version-history":[{"count":1,"href":"https:\/\/agora.xtec.cat\/ceip-joan-coret\/wp-json\/wp\/v2\/posts\/2341\/revisions"}],"predecessor-version":[{"id":2342,"href":"https:\/\/agora.xtec.cat\/ceip-joan-coret\/wp-json\/wp\/v2\/posts\/2341\/revisions\/2342"}],"wp:attachment":[{"href":"https:\/\/agora.xtec.cat\/ceip-joan-coret\/wp-json\/wp\/v2\/media?parent=2341"}],"wp:term":[{"taxonomy":"category","embeddable":true,"href":"https:\/\/agora.xtec.cat\/ceip-joan-coret\/wp-json\/wp\/v2\/categories?post=2341"},{"taxonomy":"post_tag","embeddable":true,"href":"https:\/\/agora.xtec.cat\/ceip-joan-coret\/wp-json\/wp\/v2\/tags?post=2341"}],"curies":[{"name":"wp","href":"https:\/\/api.w.org\/{rel}","templated":true}]}}