{"id":2171,"date":"2019-06-26T12:47:57","date_gmt":"2019-06-26T10:47:57","guid":{"rendered":"http:\/\/agora.xtec.cat\/ceip-joan-coret\/?p=2171"},"modified":"2019-06-27T09:45:43","modified_gmt":"2019-06-27T07:45:43","slug":"danses-2019","status":"publish","type":"post","link":"https:\/\/agora.xtec.cat\/ceip-joan-coret\/infantil\/i3\/danses-2019\/","title":{"rendered":"Danses 2019"},"content":{"rendered":"<p>Gr\u00e0cies al Llu\u00eds Cabeza (pare de l&#8217;escola) tenim aquest video de les danses 2019. \u00c9s espectacular! Moltes gr\u00e0cies Llu\u00eds!!<\/p>\n<p><iframe loading=\"lazy\" src=\"\/\/www.youtube.com\/embed\/ZhRpqZESoKo\" width=\"450\" height=\"252\" allowfullscreen=\"allowfullscreen\"><\/iframe><\/p>\n<p>Aqu\u00ed podeu veure algunes fotos de la jornada:<\/p>\n<p><a href=\"https:\/\/photos.app.goo.gl\/TSm8D4ETjtEqyFiNA\" target=\"_blank\" rel=\"noopener noreferrer\">https:\/\/photos.app.goo.gl\/TSm8D4ETjtEqyFiNA<\/a><\/p>\n","protected":false},"excerpt":{"rendered":"<p>Gr\u00e0cies al Llu\u00eds Cabeza (pare de l&#8217;escola) tenim aquest video de les danses 2019. \u00c9s espectacular! Moltes gr\u00e0cies Llu\u00eds!!<\/p>\n<p>Aqu\u00ed podeu veure algunes fotos de la jornada:<br \/>\n<a href=\"https:\/\/photos.app.goo.gl\/TSm8D4ETjtEqyFiNA\" target=\"_blank\" rel=\"noopener noreferrer\">https:\/\/photos.app.goo.gl\/TSm8D4ETjtEqyFiNA<\/a><\/p>\n","protected":false},"author":3,"featured_media":2172,"comment_status":"open","ping_status":"closed","sticky":false,"template":"","format":"standard","meta":{"_bbp_topic_count":0,"_bbp_reply_count":0,"_bbp_total_topic_count":0,"_bbp_total_reply_count":0,"_bbp_voice_count":0,"_bbp_anonymous_reply_count":0,"_bbp_topic_count_hidden":0,"_bbp_reply_count_hidden":0,"_bbp_forum_subforum_count":0,"footnotes":""},"categories":[10,11,12,3,8,9,60,4],"tags":[93,94,72,89,90,91,121],"class_list":["post-2171","post","type-post","status-publish","format-standard","has-post-thumbnail","hentry","category-1r","category-2n","category-3r","category-i3","category-i4","category-i5","category-musica","category-portada","tag-1r","tag-2n","tag-3r","tag-p3","tag-p4","tag-p5","tag-trobada-de-danses-badalona"],"post_mailing_queue_ids":[],"_links":{"self":[{"href":"https:\/\/agora.xtec.cat\/ceip-joan-coret\/wp-json\/wp\/v2\/posts\/2171","targetHints":{"allow":["GET"]}}],"collection":[{"href":"https:\/\/agora.xtec.cat\/ceip-joan-coret\/wp-json\/wp\/v2\/posts"}],"about":[{"href":"https:\/\/agora.xtec.cat\/ceip-joan-coret\/wp-json\/wp\/v2\/types\/post"}],"author":[{"embeddable":true,"href":"https:\/\/agora.xtec.cat\/ceip-joan-coret\/wp-json\/wp\/v2\/users\/3"}],"replies":[{"embeddable":true,"href":"https:\/\/agora.xtec.cat\/ceip-joan-coret\/wp-json\/wp\/v2\/comments?post=2171"}],"version-history":[{"count":3,"href":"https:\/\/agora.xtec.cat\/ceip-joan-coret\/wp-json\/wp\/v2\/posts\/2171\/revisions"}],"predecessor-version":[{"id":2178,"href":"https:\/\/agora.xtec.cat\/ceip-joan-coret\/wp-json\/wp\/v2\/posts\/2171\/revisions\/2178"}],"wp:featuredmedia":[{"embeddable":true,"href":"https:\/\/agora.xtec.cat\/ceip-joan-coret\/wp-json\/wp\/v2\/media\/2172"}],"wp:attachment":[{"href":"https:\/\/agora.xtec.cat\/ceip-joan-coret\/wp-json\/wp\/v2\/media?parent=2171"}],"wp:term":[{"taxonomy":"category","embeddable":true,"href":"https:\/\/agora.xtec.cat\/ceip-joan-coret\/wp-json\/wp\/v2\/categories?post=2171"},{"taxonomy":"post_tag","embeddable":true,"href":"https:\/\/agora.xtec.cat\/ceip-joan-coret\/wp-json\/wp\/v2\/tags?post=2171"}],"curies":[{"name":"wp","href":"https:\/\/api.w.org\/{rel}","templated":true}]}}