{"id":2157,"date":"2019-06-17T14:02:24","date_gmt":"2019-06-17T12:02:24","guid":{"rendered":"http:\/\/agora.xtec.cat\/ceip-joan-coret\/?p=2157"},"modified":"2019-06-17T14:02:53","modified_gmt":"2019-06-17T12:02:53","slug":"visita-angels-bogunya-3r","status":"publish","type":"post","link":"https:\/\/agora.xtec.cat\/ceip-joan-coret\/portada\/visita-angels-bogunya-3r\/","title":{"rendered":"Visita M.\u00c0ngels Boguny\u00e0 3r"},"content":{"rendered":"<p>L&#8217;escriptora M. \u00c0ngels Boguny\u00e0 ens va visitar per explicar-nos hist\u00f2ries molt interessants sobre els seus llibres.\u00a0 Va estar molt divertit i ens va agradar molt\u00edssim! Aqu\u00ed podeu veure les fotos:<\/p>\n<p><a href=\"https:\/\/photos.app.goo.gl\/3ftcb68SdzZW3p9D8\" target=\"_blank\" rel=\"noopener noreferrer\">https:\/\/photos.app.goo.gl\/3ftcb68SdzZW3p9D8<\/a><\/p>\n","protected":false},"excerpt":{"rendered":"<p>L&#8217;escriptora M. \u00c0ngels Boguny\u00e0 ens va visitar per explicar-nos hist\u00f2ries molt interessants sobre els seus llibres.\u00a0 Va estar molt divertit i ens va agradar molt\u00edssim! Aqu\u00ed podeu veure les fotos:<br \/>\n<a href=\"https:\/\/photos.app.goo.gl\/3ftcb68SdzZW3p9D8\" target=\"_blank\" rel=\"noopener noreferrer\">https:\/\/photos.app.goo.gl\/3ftcb68SdzZW3p9D8<\/a><\/p>\n","protected":false},"author":3,"featured_media":0,"comment_status":"open","ping_status":"closed","sticky":false,"template":"","format":"standard","meta":{"_bbp_topic_count":0,"_bbp_reply_count":0,"_bbp_total_topic_count":0,"_bbp_total_reply_count":0,"_bbp_voice_count":0,"_bbp_anonymous_reply_count":0,"_bbp_topic_count_hidden":0,"_bbp_reply_count_hidden":0,"_bbp_forum_subforum_count":0,"footnotes":""},"categories":[12,4],"tags":[72,249],"class_list":["post-2157","post","type-post","status-publish","format-standard","hentry","category-3r","category-portada","tag-3r","tag-angels-bogunya"],"post_mailing_queue_ids":[],"_links":{"self":[{"href":"https:\/\/agora.xtec.cat\/ceip-joan-coret\/wp-json\/wp\/v2\/posts\/2157","targetHints":{"allow":["GET"]}}],"collection":[{"href":"https:\/\/agora.xtec.cat\/ceip-joan-coret\/wp-json\/wp\/v2\/posts"}],"about":[{"href":"https:\/\/agora.xtec.cat\/ceip-joan-coret\/wp-json\/wp\/v2\/types\/post"}],"author":[{"embeddable":true,"href":"https:\/\/agora.xtec.cat\/ceip-joan-coret\/wp-json\/wp\/v2\/users\/3"}],"replies":[{"embeddable":true,"href":"https:\/\/agora.xtec.cat\/ceip-joan-coret\/wp-json\/wp\/v2\/comments?post=2157"}],"version-history":[{"count":3,"href":"https:\/\/agora.xtec.cat\/ceip-joan-coret\/wp-json\/wp\/v2\/posts\/2157\/revisions"}],"predecessor-version":[{"id":2160,"href":"https:\/\/agora.xtec.cat\/ceip-joan-coret\/wp-json\/wp\/v2\/posts\/2157\/revisions\/2160"}],"wp:attachment":[{"href":"https:\/\/agora.xtec.cat\/ceip-joan-coret\/wp-json\/wp\/v2\/media?parent=2157"}],"wp:term":[{"taxonomy":"category","embeddable":true,"href":"https:\/\/agora.xtec.cat\/ceip-joan-coret\/wp-json\/wp\/v2\/categories?post=2157"},{"taxonomy":"post_tag","embeddable":true,"href":"https:\/\/agora.xtec.cat\/ceip-joan-coret\/wp-json\/wp\/v2\/tags?post=2157"}],"curies":[{"name":"wp","href":"https:\/\/api.w.org\/{rel}","templated":true}]}}