{"id":2154,"date":"2019-06-17T13:57:52","date_gmt":"2019-06-17T11:57:52","guid":{"rendered":"http:\/\/agora.xtec.cat\/ceip-joan-coret\/?p=2154"},"modified":"2019-06-17T14:19:07","modified_gmt":"2019-06-17T12:19:07","slug":"venda-al-mercat-de-montigala-cooperatives-de-5e","status":"publish","type":"post","link":"https:\/\/agora.xtec.cat\/ceip-joan-coret\/general\/venda-al-mercat-de-montigala-cooperatives-de-5e\/","title":{"rendered":"Venda al Mercat de Montigal\u00e0 cooperatives de 5\u00e8"},"content":{"rendered":"<p>El passat divendres 7 de juny les dues cooperatives de 5\u00e8: Scoopmarket JC i Manualart J. Coret vam montar les nostres parades al mercat de Montigal\u00e0 i vam estar venent els nostres productes. El resultat va ser tot un \u00e8xit i vam poder gaudir molt\u00edssim d&#8217;aquesta experi\u00e8ncia.<\/p>\n<p>Volem agra\u00efr a totes les persones que ens van ajudar (mestres, fam\u00edlies, etc) en aquest dia per al que tant hem estat treballant al llarg del curs.<\/p>\n<p>Aqu\u00ed us deixem l&#8217;enlla\u00e7 amb les fotos realitzades.<\/p>\n<p><a href=\"https:\/\/photos.app.goo.gl\/9jgxz4MzRt8tuvdg7\" target=\"_blank\" rel=\"noopener noreferrer\">https:\/\/photos.app.goo.gl\/9jgxz4MzRt8tuvdg7<\/a><\/p>\n","protected":false},"excerpt":{"rendered":"<p>El passat divendres 7 de juny les dues cooperatives de 5\u00e8: Scoopmarket JC i Manualart J. Coret vam montar les nostres parades al mercat de Montigal\u00e0 i vam estar venent els nostres productes. El resultat va ser tot un \u00e8xit i vam poder gaudir molt\u00edssim&hellip;  <a href=\"https:\/\/agora.xtec.cat\/ceip-joan-coret\/general\/venda-al-mercat-de-montigala-cooperatives-de-5e\/\" title=\"Read Venda al Mercat de Montigal\u00e0 cooperatives de 5\u00e8\">Llegeix m\u00e9s\u00bb<\/a><\/p>\n","protected":false},"author":2,"featured_media":0,"comment_status":"open","ping_status":"closed","sticky":false,"template":"","format":"standard","meta":{"_bbp_topic_count":0,"_bbp_reply_count":0,"_bbp_total_topic_count":0,"_bbp_total_reply_count":0,"_bbp_voice_count":0,"_bbp_anonymous_reply_count":0,"_bbp_topic_count_hidden":0,"_bbp_reply_count_hidden":0,"_bbp_forum_subforum_count":0,"footnotes":""},"categories":[14,1,4],"tags":[68,252],"class_list":["post-2154","post","type-post","status-publish","format-standard","hentry","category-5e","category-general","category-portada","tag-5e","tag-venda-cooperativa"],"post_mailing_queue_ids":[],"_links":{"self":[{"href":"https:\/\/agora.xtec.cat\/ceip-joan-coret\/wp-json\/wp\/v2\/posts\/2154","targetHints":{"allow":["GET"]}}],"collection":[{"href":"https:\/\/agora.xtec.cat\/ceip-joan-coret\/wp-json\/wp\/v2\/posts"}],"about":[{"href":"https:\/\/agora.xtec.cat\/ceip-joan-coret\/wp-json\/wp\/v2\/types\/post"}],"author":[{"embeddable":true,"href":"https:\/\/agora.xtec.cat\/ceip-joan-coret\/wp-json\/wp\/v2\/users\/2"}],"replies":[{"embeddable":true,"href":"https:\/\/agora.xtec.cat\/ceip-joan-coret\/wp-json\/wp\/v2\/comments?post=2154"}],"version-history":[{"count":2,"href":"https:\/\/agora.xtec.cat\/ceip-joan-coret\/wp-json\/wp\/v2\/posts\/2154\/revisions"}],"predecessor-version":[{"id":2167,"href":"https:\/\/agora.xtec.cat\/ceip-joan-coret\/wp-json\/wp\/v2\/posts\/2154\/revisions\/2167"}],"wp:attachment":[{"href":"https:\/\/agora.xtec.cat\/ceip-joan-coret\/wp-json\/wp\/v2\/media?parent=2154"}],"wp:term":[{"taxonomy":"category","embeddable":true,"href":"https:\/\/agora.xtec.cat\/ceip-joan-coret\/wp-json\/wp\/v2\/categories?post=2154"},{"taxonomy":"post_tag","embeddable":true,"href":"https:\/\/agora.xtec.cat\/ceip-joan-coret\/wp-json\/wp\/v2\/tags?post=2154"}],"curies":[{"name":"wp","href":"https:\/\/api.w.org\/{rel}","templated":true}]}}