{"id":2136,"date":"2019-06-14T22:21:32","date_gmt":"2019-06-14T20:21:32","guid":{"rendered":"http:\/\/agora.xtec.cat\/ceip-joan-coret\/?p=2136"},"modified":"2019-06-14T22:21:32","modified_gmt":"2019-06-14T20:21:32","slug":"teatre-1r","status":"publish","type":"post","link":"https:\/\/agora.xtec.cat\/ceip-joan-coret\/portada\/teatre-1r\/","title":{"rendered":"Teatre 1r"},"content":{"rendered":"<p>Aqu\u00ed tenim les representacions de l&#8217;obra de teatre &#8220;Ets tu el m\u00e9s fort?&#8221; de les dues classes de 1r curs. Gaudiu-les perqu\u00e8 ho fan molt b\u00e9!<\/p>\n<p>1r A:<\/p>\n<p><iframe loading=\"lazy\" src=\"\/\/www.youtube.com\/embed\/QdD9usRMhd8\" width=\"350\" height=\"196\" allowfullscreen=\"allowfullscreen\"><\/iframe><\/p>\n<p>1r B:<\/p>\n<p><iframe loading=\"lazy\" src=\"\/\/www.youtube.com\/embed\/FL98U09-8Ss\" width=\"350\" height=\"196\" allowfullscreen=\"allowfullscreen\"><\/iframe><\/p>\n","protected":false},"excerpt":{"rendered":"<p>Aqu\u00ed tenim les representacions de l&#8217;obra de teatre &#8220;Ets tu el m\u00e9s fort?&#8221; de les dues classes de 1r curs. Gaudiu-les perqu\u00e8 ho fan molt b\u00e9!<br \/>\n1r A:<\/p>\n<p>1r B:<\/p>\n","protected":false},"author":3,"featured_media":2137,"comment_status":"open","ping_status":"closed","sticky":false,"template":"","format":"standard","meta":{"_bbp_topic_count":0,"_bbp_reply_count":0,"_bbp_total_topic_count":0,"_bbp_total_reply_count":0,"_bbp_voice_count":0,"_bbp_anonymous_reply_count":0,"_bbp_topic_count_hidden":0,"_bbp_reply_count_hidden":0,"_bbp_forum_subforum_count":0,"footnotes":""},"categories":[10,4],"tags":[93,112],"class_list":["post-2136","post","type-post","status-publish","format-standard","has-post-thumbnail","hentry","category-1r","category-portada","tag-1r","tag-teatre"],"post_mailing_queue_ids":[],"_links":{"self":[{"href":"https:\/\/agora.xtec.cat\/ceip-joan-coret\/wp-json\/wp\/v2\/posts\/2136","targetHints":{"allow":["GET"]}}],"collection":[{"href":"https:\/\/agora.xtec.cat\/ceip-joan-coret\/wp-json\/wp\/v2\/posts"}],"about":[{"href":"https:\/\/agora.xtec.cat\/ceip-joan-coret\/wp-json\/wp\/v2\/types\/post"}],"author":[{"embeddable":true,"href":"https:\/\/agora.xtec.cat\/ceip-joan-coret\/wp-json\/wp\/v2\/users\/3"}],"replies":[{"embeddable":true,"href":"https:\/\/agora.xtec.cat\/ceip-joan-coret\/wp-json\/wp\/v2\/comments?post=2136"}],"version-history":[{"count":1,"href":"https:\/\/agora.xtec.cat\/ceip-joan-coret\/wp-json\/wp\/v2\/posts\/2136\/revisions"}],"predecessor-version":[{"id":2138,"href":"https:\/\/agora.xtec.cat\/ceip-joan-coret\/wp-json\/wp\/v2\/posts\/2136\/revisions\/2138"}],"wp:featuredmedia":[{"embeddable":true,"href":"https:\/\/agora.xtec.cat\/ceip-joan-coret\/wp-json\/wp\/v2\/media\/2137"}],"wp:attachment":[{"href":"https:\/\/agora.xtec.cat\/ceip-joan-coret\/wp-json\/wp\/v2\/media?parent=2136"}],"wp:term":[{"taxonomy":"category","embeddable":true,"href":"https:\/\/agora.xtec.cat\/ceip-joan-coret\/wp-json\/wp\/v2\/categories?post=2136"},{"taxonomy":"post_tag","embeddable":true,"href":"https:\/\/agora.xtec.cat\/ceip-joan-coret\/wp-json\/wp\/v2\/tags?post=2136"}],"curies":[{"name":"wp","href":"https:\/\/api.w.org\/{rel}","templated":true}]}}