{"id":2132,"date":"2019-06-13T19:35:17","date_gmt":"2019-06-13T17:35:17","guid":{"rendered":"http:\/\/agora.xtec.cat\/ceip-joan-coret\/?p=2132"},"modified":"2019-06-13T19:35:17","modified_gmt":"2019-06-13T17:35:17","slug":"cala-canyelles-2019","status":"publish","type":"post","link":"https:\/\/agora.xtec.cat\/ceip-joan-coret\/portada\/cala-canyelles-2019\/","title":{"rendered":"Cala Canyelles 2019"},"content":{"rendered":"<p>Ja tenim les fotos de Cala Canyelles de 6\u00e8. A m\u00e9s a m\u00e9s de les que han aparegut al nostre facebook, aqu\u00ed teniu algunes m\u00e9s:<\/p>\n<p><a href=\"https:\/\/photos.app.goo.gl\/RQpB3eYZae3LHfmg6\" target=\"_blank\" rel=\"noopener noreferrer\">https:\/\/photos.app.goo.gl\/RQpB3eYZae3LHfmg6<\/a><\/p>\n<p>I alg\u00fan video:<\/p>\n<p><a href=\"https:\/\/photos.app.goo.gl\/UzpnkqghiFQ642Nd9\" target=\"_blank\" rel=\"noopener noreferrer\">https:\/\/photos.app.goo.gl\/UzpnkqghiFQ642Nd9<\/a><\/p>\n<p>Esperem que us agradin!!<\/p>\n","protected":false},"excerpt":{"rendered":"<p>Ja tenim les fotos de Cala Canyelles de 6\u00e8. A m\u00e9s a m\u00e9s de les que han aparegut al nostre facebook, aqu\u00ed teniu algunes m\u00e9s:<br \/>\n<a href=\"https:\/\/photos.app.goo.gl\/RQpB3eYZae3LHfmg6\" target=\"_blank\" rel=\"noopener noreferrer\">https:\/\/photos.app.goo.gl\/RQpB3eYZae3LHfmg6<\/a><br \/>\nI alg\u00fan video:<br \/>\n<a href=\"https:\/\/photos.app.goo.gl\/UzpnkqghiFQ642Nd9\" target=\"_blank\" rel=\"noopener noreferrer\">https:\/\/photos.app.goo.gl\/UzpnkqghiFQ642Nd9<\/a><br \/>\nEsperem que us agradin!!<\/p>\n","protected":false},"author":3,"featured_media":0,"comment_status":"open","ping_status":"closed","sticky":false,"template":"","format":"standard","meta":{"_bbp_topic_count":0,"_bbp_reply_count":0,"_bbp_total_topic_count":0,"_bbp_total_reply_count":0,"_bbp_voice_count":0,"_bbp_anonymous_reply_count":0,"_bbp_topic_count_hidden":0,"_bbp_reply_count_hidden":0,"_bbp_forum_subforum_count":0,"footnotes":""},"categories":[15,4],"tags":[65,145,146],"class_list":["post-2132","post","type-post","status-publish","format-standard","hentry","category-6e","category-portada","tag-6e","tag-cala-canyelles","tag-colonies"],"post_mailing_queue_ids":[],"_links":{"self":[{"href":"https:\/\/agora.xtec.cat\/ceip-joan-coret\/wp-json\/wp\/v2\/posts\/2132","targetHints":{"allow":["GET"]}}],"collection":[{"href":"https:\/\/agora.xtec.cat\/ceip-joan-coret\/wp-json\/wp\/v2\/posts"}],"about":[{"href":"https:\/\/agora.xtec.cat\/ceip-joan-coret\/wp-json\/wp\/v2\/types\/post"}],"author":[{"embeddable":true,"href":"https:\/\/agora.xtec.cat\/ceip-joan-coret\/wp-json\/wp\/v2\/users\/3"}],"replies":[{"embeddable":true,"href":"https:\/\/agora.xtec.cat\/ceip-joan-coret\/wp-json\/wp\/v2\/comments?post=2132"}],"version-history":[{"count":1,"href":"https:\/\/agora.xtec.cat\/ceip-joan-coret\/wp-json\/wp\/v2\/posts\/2132\/revisions"}],"predecessor-version":[{"id":2133,"href":"https:\/\/agora.xtec.cat\/ceip-joan-coret\/wp-json\/wp\/v2\/posts\/2132\/revisions\/2133"}],"wp:attachment":[{"href":"https:\/\/agora.xtec.cat\/ceip-joan-coret\/wp-json\/wp\/v2\/media?parent=2132"}],"wp:term":[{"taxonomy":"category","embeddable":true,"href":"https:\/\/agora.xtec.cat\/ceip-joan-coret\/wp-json\/wp\/v2\/categories?post=2132"},{"taxonomy":"post_tag","embeddable":true,"href":"https:\/\/agora.xtec.cat\/ceip-joan-coret\/wp-json\/wp\/v2\/tags?post=2132"}],"curies":[{"name":"wp","href":"https:\/\/api.w.org\/{rel}","templated":true}]}}