{"id":2124,"date":"2019-06-05T11:59:02","date_gmt":"2019-06-05T09:59:02","guid":{"rendered":"http:\/\/agora.xtec.cat\/ceip-joan-coret\/?p=2124"},"modified":"2019-06-17T10:06:06","modified_gmt":"2019-06-17T08:06:06","slug":"visita-de-la-tieta-adela","status":"publish","type":"post","link":"https:\/\/agora.xtec.cat\/ceip-joan-coret\/portada\/visita-de-la-tieta-adela\/","title":{"rendered":"VISITA DE LA TIETA ADELA"},"content":{"rendered":"<p>El passat dimecres 29 de Maig, els i les alumnes de 5\u00e8 vam rebre la visita de la tieta Adela, personatge protagonista del llibre que ens hem estat llegint i comentant a les tert\u00falies liter\u00e0ries &#8220;La tieta Adela a Sevilla&#8221;.<\/p>\n<p>Ens ho vam passar d&#8217;all\u00f2 m\u00e9s b\u00e9!<\/p>\n<p>Aqu\u00ed teniu un recull de fotos i algun video d&#8217;aquesta tarda tan divertida.<\/p>\n<p><a href=\"https:\/\/photos.app.goo.gl\/zm37j82kpy5sZ3Rf8\" target=\"_blank\" rel=\"noopener noreferrer\">https:\/\/photos.app.goo.gl\/zm37j82kpy5sZ3Rf8<\/a><\/p>\n","protected":false},"excerpt":{"rendered":"<p>El passat dimecres 29 de Maig, els i les alumnes de 5\u00e8 vam rebre la visita de la tieta Adela, personatge protagonista del llibre que ens hem estat llegint i comentant a les tert\u00falies liter\u00e0ries &#8220;La tieta Adela a Sevilla&#8221;.<br \/>\nEns ho vam passar d&#8217;all\u00f2 m\u00e9s&hellip;  <a href=\"https:\/\/agora.xtec.cat\/ceip-joan-coret\/portada\/visita-de-la-tieta-adela\/\" title=\"Read VISITA DE LA TIETA ADELA\">Llegeix m\u00e9s\u00bb<\/a><\/p>\n","protected":false},"author":2,"featured_media":0,"comment_status":"open","ping_status":"closed","sticky":false,"template":"","format":"standard","meta":{"_bbp_topic_count":0,"_bbp_reply_count":0,"_bbp_total_topic_count":0,"_bbp_total_reply_count":0,"_bbp_voice_count":0,"_bbp_anonymous_reply_count":0,"_bbp_topic_count_hidden":0,"_bbp_reply_count_hidden":0,"_bbp_forum_subforum_count":0,"footnotes":""},"categories":[14,4],"tags":[68,245],"class_list":["post-2124","post","type-post","status-publish","format-standard","hentry","category-5e","category-portada","tag-5e","tag-tieta-adela"],"post_mailing_queue_ids":[],"_links":{"self":[{"href":"https:\/\/agora.xtec.cat\/ceip-joan-coret\/wp-json\/wp\/v2\/posts\/2124","targetHints":{"allow":["GET"]}}],"collection":[{"href":"https:\/\/agora.xtec.cat\/ceip-joan-coret\/wp-json\/wp\/v2\/posts"}],"about":[{"href":"https:\/\/agora.xtec.cat\/ceip-joan-coret\/wp-json\/wp\/v2\/types\/post"}],"author":[{"embeddable":true,"href":"https:\/\/agora.xtec.cat\/ceip-joan-coret\/wp-json\/wp\/v2\/users\/2"}],"replies":[{"embeddable":true,"href":"https:\/\/agora.xtec.cat\/ceip-joan-coret\/wp-json\/wp\/v2\/comments?post=2124"}],"version-history":[{"count":2,"href":"https:\/\/agora.xtec.cat\/ceip-joan-coret\/wp-json\/wp\/v2\/posts\/2124\/revisions"}],"predecessor-version":[{"id":2139,"href":"https:\/\/agora.xtec.cat\/ceip-joan-coret\/wp-json\/wp\/v2\/posts\/2124\/revisions\/2139"}],"wp:attachment":[{"href":"https:\/\/agora.xtec.cat\/ceip-joan-coret\/wp-json\/wp\/v2\/media?parent=2124"}],"wp:term":[{"taxonomy":"category","embeddable":true,"href":"https:\/\/agora.xtec.cat\/ceip-joan-coret\/wp-json\/wp\/v2\/categories?post=2124"},{"taxonomy":"post_tag","embeddable":true,"href":"https:\/\/agora.xtec.cat\/ceip-joan-coret\/wp-json\/wp\/v2\/tags?post=2124"}],"curies":[{"name":"wp","href":"https:\/\/api.w.org\/{rel}","templated":true}]}}