{"id":2119,"date":"2019-05-27T16:25:02","date_gmt":"2019-05-27T14:25:02","guid":{"rendered":"http:\/\/agora.xtec.cat\/ceip-joan-coret\/?p=2119"},"modified":"2019-05-27T16:25:02","modified_gmt":"2019-05-27T14:25:02","slug":"gracies-fc-barcelona-handbol","status":"publish","type":"post","link":"https:\/\/agora.xtec.cat\/ceip-joan-coret\/primaria\/1r\/gracies-fc-barcelona-handbol\/","title":{"rendered":"Gr\u00e0cies FC Barcelona Handbol"},"content":{"rendered":"<p>Avui hem d&#8217;agrair a l&#8217;equip juvenil mascul\u00ed del Futbol Club Barcelona per fer-nos un regal molt especial.<\/p>\n<p>Ens han donat la samarreta del seu equip signada per tots els jugadors!!\u00a0 Moltes gr\u00e0cies Ferran (el seu entrenador) pel regal!!<\/p>\n<p>Aqu\u00ed tenim les fotos dels grups amb la samarreta&#8230; i tamb\u00e9 alguns i algunes alumnes que han volgut posar-se dins aquesta samarreta d&#8217;un equip Campi\u00f3 de Catalunya!!<\/p>\n<p><a href=\"https:\/\/photos.app.goo.gl\/aJVBRPmx94a2SwUd7\" target=\"_blank\" rel=\"noopener noreferrer\">https:\/\/photos.app.goo.gl\/aJVBRPmx94a2SwUd7<\/a><\/p>\n","protected":false},"excerpt":{"rendered":"<p>Avui hem d&#8217;agrair a l&#8217;equip juvenil mascul\u00ed del Futbol Club Barcelona per fer-nos un regal molt especial.<br \/>\nEns han donat la samarreta del seu equip signada per tots els jugadors!!\u00a0 Moltes gr\u00e0cies Ferran (el seu entrenador) pel regal!!<br \/>\nAqu\u00ed tenim les fotos dels grups amb la samarreta&#8230;&hellip;  <a href=\"https:\/\/agora.xtec.cat\/ceip-joan-coret\/primaria\/1r\/gracies-fc-barcelona-handbol\/\" title=\"Read Gr\u00e0cies FC Barcelona Handbol\">Llegeix m\u00e9s\u00bb<\/a><\/p>\n","protected":false},"author":3,"featured_media":0,"comment_status":"open","ping_status":"closed","sticky":false,"template":"","format":"standard","meta":{"_bbp_topic_count":0,"_bbp_reply_count":0,"_bbp_total_topic_count":0,"_bbp_total_reply_count":0,"_bbp_voice_count":0,"_bbp_anonymous_reply_count":0,"_bbp_topic_count_hidden":0,"_bbp_reply_count_hidden":0,"_bbp_forum_subforum_count":0,"footnotes":""},"categories":[10,11,13,14,15,64],"tags":[242,243],"class_list":["post-2119","post","type-post","status-publish","format-standard","hentry","category-1r","category-2n","category-4t","category-5e","category-6e","category-educacio-fisica","tag-fc-barcelona","tag-handbol"],"post_mailing_queue_ids":[],"_links":{"self":[{"href":"https:\/\/agora.xtec.cat\/ceip-joan-coret\/wp-json\/wp\/v2\/posts\/2119","targetHints":{"allow":["GET"]}}],"collection":[{"href":"https:\/\/agora.xtec.cat\/ceip-joan-coret\/wp-json\/wp\/v2\/posts"}],"about":[{"href":"https:\/\/agora.xtec.cat\/ceip-joan-coret\/wp-json\/wp\/v2\/types\/post"}],"author":[{"embeddable":true,"href":"https:\/\/agora.xtec.cat\/ceip-joan-coret\/wp-json\/wp\/v2\/users\/3"}],"replies":[{"embeddable":true,"href":"https:\/\/agora.xtec.cat\/ceip-joan-coret\/wp-json\/wp\/v2\/comments?post=2119"}],"version-history":[{"count":1,"href":"https:\/\/agora.xtec.cat\/ceip-joan-coret\/wp-json\/wp\/v2\/posts\/2119\/revisions"}],"predecessor-version":[{"id":2120,"href":"https:\/\/agora.xtec.cat\/ceip-joan-coret\/wp-json\/wp\/v2\/posts\/2119\/revisions\/2120"}],"wp:attachment":[{"href":"https:\/\/agora.xtec.cat\/ceip-joan-coret\/wp-json\/wp\/v2\/media?parent=2119"}],"wp:term":[{"taxonomy":"category","embeddable":true,"href":"https:\/\/agora.xtec.cat\/ceip-joan-coret\/wp-json\/wp\/v2\/categories?post=2119"},{"taxonomy":"post_tag","embeddable":true,"href":"https:\/\/agora.xtec.cat\/ceip-joan-coret\/wp-json\/wp\/v2\/tags?post=2119"}],"curies":[{"name":"wp","href":"https:\/\/api.w.org\/{rel}","templated":true}]}}