{"id":2098,"date":"2019-05-03T12:56:31","date_gmt":"2019-05-03T10:56:31","guid":{"rendered":"http:\/\/agora.xtec.cat\/ceip-joan-coret\/?p=2098"},"modified":"2019-05-03T12:56:31","modified_gmt":"2019-05-03T10:56:31","slug":"sant-jordi-cicle-mitja","status":"publish","type":"post","link":"https:\/\/agora.xtec.cat\/ceip-joan-coret\/portada\/sant-jordi-cicle-mitja\/","title":{"rendered":"Sant Jordi Cicle Mitj\u00e0"},"content":{"rendered":"<p>Voleu veure com vam celebrar la Diada de Sant Jordi a Cicle Mitj\u00e0? Aqu\u00ed teniu les fotos!!<\/p>\n<p><a href=\"https:\/\/photos.app.goo.gl\/CgNDwX8NWkcf94qs5\" target=\"_blank\" rel=\"noopener\">https:\/\/photos.app.goo.gl\/CgNDwX8NWkcf94qs5<\/a><\/p>\n","protected":false},"excerpt":{"rendered":"<p>Voleu veure com vam celebrar la Diada de Sant Jordi a Cicle Mitj\u00e0? Aqu\u00ed teniu les fotos!!<br \/>\n<a href=\"https:\/\/photos.app.goo.gl\/CgNDwX8NWkcf94qs5\" target=\"_blank\" rel=\"noopener\">https:\/\/photos.app.goo.gl\/CgNDwX8NWkcf94qs5<\/a><\/p>\n","protected":false},"author":3,"featured_media":0,"comment_status":"open","ping_status":"closed","sticky":false,"template":"","format":"standard","meta":{"_bbp_topic_count":0,"_bbp_reply_count":0,"_bbp_total_topic_count":0,"_bbp_total_reply_count":0,"_bbp_voice_count":0,"_bbp_anonymous_reply_count":0,"_bbp_topic_count_hidden":0,"_bbp_reply_count_hidden":0,"_bbp_forum_subforum_count":0,"footnotes":""},"categories":[12,13,4],"tags":[72,97,176,114],"class_list":["post-2098","post","type-post","status-publish","format-standard","hentry","category-3r","category-4t","category-portada","tag-3r","tag-4t","tag-cicle-mitja","tag-sant-jordi"],"post_mailing_queue_ids":[],"_links":{"self":[{"href":"https:\/\/agora.xtec.cat\/ceip-joan-coret\/wp-json\/wp\/v2\/posts\/2098","targetHints":{"allow":["GET"]}}],"collection":[{"href":"https:\/\/agora.xtec.cat\/ceip-joan-coret\/wp-json\/wp\/v2\/posts"}],"about":[{"href":"https:\/\/agora.xtec.cat\/ceip-joan-coret\/wp-json\/wp\/v2\/types\/post"}],"author":[{"embeddable":true,"href":"https:\/\/agora.xtec.cat\/ceip-joan-coret\/wp-json\/wp\/v2\/users\/3"}],"replies":[{"embeddable":true,"href":"https:\/\/agora.xtec.cat\/ceip-joan-coret\/wp-json\/wp\/v2\/comments?post=2098"}],"version-history":[{"count":1,"href":"https:\/\/agora.xtec.cat\/ceip-joan-coret\/wp-json\/wp\/v2\/posts\/2098\/revisions"}],"predecessor-version":[{"id":2099,"href":"https:\/\/agora.xtec.cat\/ceip-joan-coret\/wp-json\/wp\/v2\/posts\/2098\/revisions\/2099"}],"wp:attachment":[{"href":"https:\/\/agora.xtec.cat\/ceip-joan-coret\/wp-json\/wp\/v2\/media?parent=2098"}],"wp:term":[{"taxonomy":"category","embeddable":true,"href":"https:\/\/agora.xtec.cat\/ceip-joan-coret\/wp-json\/wp\/v2\/categories?post=2098"},{"taxonomy":"post_tag","embeddable":true,"href":"https:\/\/agora.xtec.cat\/ceip-joan-coret\/wp-json\/wp\/v2\/tags?post=2098"}],"curies":[{"name":"wp","href":"https:\/\/api.w.org\/{rel}","templated":true}]}}