{"id":2096,"date":"2019-04-30T16:14:32","date_gmt":"2019-04-30T14:14:32","guid":{"rendered":"http:\/\/agora.xtec.cat\/ceip-joan-coret\/?p=2096"},"modified":"2019-04-30T16:14:32","modified_gmt":"2019-04-30T14:14:32","slug":"parlament-de-catalunya-5e","status":"publish","type":"post","link":"https:\/\/agora.xtec.cat\/ceip-joan-coret\/portada\/parlament-de-catalunya-5e\/","title":{"rendered":"Parlament de Catalunya 5\u00e8"},"content":{"rendered":"<p>Les dues classes de 5\u00e8 vam anar de visita al Parlament de Catalunya. Vam seure a la sala de plens i ens van explicar el funcionament del Parlament. Tamb\u00e9 vam visitar el Parc de la Ciutadella on vam fer un dossier per con\u00e8ixer els llocs m\u00e9s emblem\u00e0tics del Parc.<\/p>\n<p><a href=\"https:\/\/photos.app.goo.gl\/jcgvGWiFy2Gu8jtn9\" target=\"_blank\" rel=\"noopener\">https:\/\/photos.app.goo.gl\/jcgvGWiFy2Gu8jtn9<\/a><\/p>\n","protected":false},"excerpt":{"rendered":"<p>Les dues classes de 5\u00e8 vam anar de visita al Parlament de Catalunya. Vam seure a la sala de plens i ens van explicar el funcionament del Parlament. Tamb\u00e9 vam visitar el Parc de la Ciutadella on vam fer un dossier per con\u00e8ixer els llocs&hellip;  <a href=\"https:\/\/agora.xtec.cat\/ceip-joan-coret\/portada\/parlament-de-catalunya-5e\/\" title=\"Read Parlament de Catalunya 5\u00e8\">Llegeix m\u00e9s\u00bb<\/a><\/p>\n","protected":false},"author":3,"featured_media":0,"comment_status":"open","ping_status":"closed","sticky":false,"template":"","format":"standard","meta":{"_bbp_topic_count":0,"_bbp_reply_count":0,"_bbp_total_topic_count":0,"_bbp_total_reply_count":0,"_bbp_voice_count":0,"_bbp_anonymous_reply_count":0,"_bbp_topic_count_hidden":0,"_bbp_reply_count_hidden":0,"_bbp_forum_subforum_count":0,"footnotes":""},"categories":[14,4],"tags":[68,239,123],"class_list":["post-2096","post","type-post","status-publish","format-standard","hentry","category-5e","category-portada","tag-5e","tag-parc-ciutadella","tag-parlament-catalunya"],"post_mailing_queue_ids":[],"_links":{"self":[{"href":"https:\/\/agora.xtec.cat\/ceip-joan-coret\/wp-json\/wp\/v2\/posts\/2096","targetHints":{"allow":["GET"]}}],"collection":[{"href":"https:\/\/agora.xtec.cat\/ceip-joan-coret\/wp-json\/wp\/v2\/posts"}],"about":[{"href":"https:\/\/agora.xtec.cat\/ceip-joan-coret\/wp-json\/wp\/v2\/types\/post"}],"author":[{"embeddable":true,"href":"https:\/\/agora.xtec.cat\/ceip-joan-coret\/wp-json\/wp\/v2\/users\/3"}],"replies":[{"embeddable":true,"href":"https:\/\/agora.xtec.cat\/ceip-joan-coret\/wp-json\/wp\/v2\/comments?post=2096"}],"version-history":[{"count":1,"href":"https:\/\/agora.xtec.cat\/ceip-joan-coret\/wp-json\/wp\/v2\/posts\/2096\/revisions"}],"predecessor-version":[{"id":2097,"href":"https:\/\/agora.xtec.cat\/ceip-joan-coret\/wp-json\/wp\/v2\/posts\/2096\/revisions\/2097"}],"wp:attachment":[{"href":"https:\/\/agora.xtec.cat\/ceip-joan-coret\/wp-json\/wp\/v2\/media?parent=2096"}],"wp:term":[{"taxonomy":"category","embeddable":true,"href":"https:\/\/agora.xtec.cat\/ceip-joan-coret\/wp-json\/wp\/v2\/categories?post=2096"},{"taxonomy":"post_tag","embeddable":true,"href":"https:\/\/agora.xtec.cat\/ceip-joan-coret\/wp-json\/wp\/v2\/tags?post=2096"}],"curies":[{"name":"wp","href":"https:\/\/api.w.org\/{rel}","templated":true}]}}