{"id":2092,"date":"2019-04-30T14:10:09","date_gmt":"2019-04-30T12:10:09","guid":{"rendered":"http:\/\/agora.xtec.cat\/ceip-joan-coret\/?p=2092"},"modified":"2019-04-30T14:10:09","modified_gmt":"2019-04-30T12:10:09","slug":"taller-pre-historia-4t","status":"publish","type":"post","link":"https:\/\/agora.xtec.cat\/ceip-joan-coret\/portada\/taller-pre-historia-4t\/","title":{"rendered":"Taller Pre-hist\u00f2ria 4t"},"content":{"rendered":"<p>Les classes de 4t vam fer un taller sobre la Pre-hist\u00f2ria. Vam aprendre com vivien, com s&#8217;alimentaven, com ca\u00e7aven, i moltes m\u00e9s coses sobre aquesta \u00e8poca. Va estar molt interessant i ens ho vam passar d&#8217;all\u00f2 m\u00e9s b\u00e9. Aqu\u00ed podeu veure les fotos que ens vam fer, esperem que us agradin!<\/p>\n<p><a href=\"https:\/\/photos.app.goo.gl\/jcgvGWiFy2Gu8jtn9\" target=\"_blank\" rel=\"noopener\">https:\/\/photos.app.goo.gl\/jcgvGWiFy2Gu8jtn9<\/a><\/p>\n","protected":false},"excerpt":{"rendered":"<p>Les classes de 4t vam fer un taller sobre la Pre-hist\u00f2ria. Vam aprendre com vivien, com s&#8217;alimentaven, com ca\u00e7aven, i moltes m\u00e9s coses sobre aquesta \u00e8poca. Va estar molt interessant i ens ho vam passar d&#8217;all\u00f2 m\u00e9s b\u00e9. Aqu\u00ed podeu veure les fotos que ens&hellip;  <a href=\"https:\/\/agora.xtec.cat\/ceip-joan-coret\/portada\/taller-pre-historia-4t\/\" title=\"Read Taller Pre-hist\u00f2ria 4t\">Llegeix m\u00e9s\u00bb<\/a><\/p>\n","protected":false},"author":3,"featured_media":0,"comment_status":"open","ping_status":"closed","sticky":false,"template":"","format":"standard","meta":{"_bbp_topic_count":0,"_bbp_reply_count":0,"_bbp_total_topic_count":0,"_bbp_total_reply_count":0,"_bbp_voice_count":0,"_bbp_anonymous_reply_count":0,"_bbp_topic_count_hidden":0,"_bbp_reply_count_hidden":0,"_bbp_forum_subforum_count":0,"footnotes":""},"categories":[13,4],"tags":[97,237],"class_list":["post-2092","post","type-post","status-publish","format-standard","hentry","category-4t","category-portada","tag-4t","tag-pre-historia"],"post_mailing_queue_ids":[],"_links":{"self":[{"href":"https:\/\/agora.xtec.cat\/ceip-joan-coret\/wp-json\/wp\/v2\/posts\/2092","targetHints":{"allow":["GET"]}}],"collection":[{"href":"https:\/\/agora.xtec.cat\/ceip-joan-coret\/wp-json\/wp\/v2\/posts"}],"about":[{"href":"https:\/\/agora.xtec.cat\/ceip-joan-coret\/wp-json\/wp\/v2\/types\/post"}],"author":[{"embeddable":true,"href":"https:\/\/agora.xtec.cat\/ceip-joan-coret\/wp-json\/wp\/v2\/users\/3"}],"replies":[{"embeddable":true,"href":"https:\/\/agora.xtec.cat\/ceip-joan-coret\/wp-json\/wp\/v2\/comments?post=2092"}],"version-history":[{"count":1,"href":"https:\/\/agora.xtec.cat\/ceip-joan-coret\/wp-json\/wp\/v2\/posts\/2092\/revisions"}],"predecessor-version":[{"id":2093,"href":"https:\/\/agora.xtec.cat\/ceip-joan-coret\/wp-json\/wp\/v2\/posts\/2092\/revisions\/2093"}],"wp:attachment":[{"href":"https:\/\/agora.xtec.cat\/ceip-joan-coret\/wp-json\/wp\/v2\/media?parent=2092"}],"wp:term":[{"taxonomy":"category","embeddable":true,"href":"https:\/\/agora.xtec.cat\/ceip-joan-coret\/wp-json\/wp\/v2\/categories?post=2092"},{"taxonomy":"post_tag","embeddable":true,"href":"https:\/\/agora.xtec.cat\/ceip-joan-coret\/wp-json\/wp\/v2\/tags?post=2092"}],"curies":[{"name":"wp","href":"https:\/\/api.w.org\/{rel}","templated":true}]}}