{"id":2081,"date":"2019-04-23T12:18:25","date_gmt":"2019-04-23T10:18:25","guid":{"rendered":"http:\/\/agora.xtec.cat\/ceip-joan-coret\/?p=2081"},"modified":"2019-04-23T12:18:25","modified_gmt":"2019-04-23T10:18:25","slug":"visita-illustrador-4t","status":"publish","type":"post","link":"https:\/\/agora.xtec.cat\/ceip-joan-coret\/portada\/visita-illustrador-4t\/","title":{"rendered":"Visita il\u00b7lustrador 4t"},"content":{"rendered":"<p>Com es fa un C\u00f2mic? Quins passos cal seguir? Com s&#8217;elaboren els dibuixos?<\/p>\n<p>Totes aquestes preguntes i m\u00e9s, les vam poder respondre gr\u00e0cies a la Visita del Ram\u00f3n, pare de l&#8217;Emma de 4t que \u00e9s il\u00b7lustrador.<\/p>\n<p>Moltes gr\u00e0cies per compartir aquesta estona amb nosaltres i d&#8217;ensenyar-nos tant!!<\/p>\n<p><a href=\"https:\/\/photos.app.goo.gl\/TjtrPXjRw8Lvdg2Y9\" target=\"_blank\" rel=\"noopener\">https:\/\/photos.app.goo.gl\/TjtrPXjRw8Lvdg2Y9<\/a><\/p>\n","protected":false},"excerpt":{"rendered":"<p>Com es fa un C\u00f2mic? Quins passos cal seguir? Com s&#8217;elaboren els dibuixos?<br \/>\nTotes aquestes preguntes i m\u00e9s, les vam poder respondre gr\u00e0cies a la Visita del Ram\u00f3n, pare de l&#8217;Emma de 4t que \u00e9s il\u00b7lustrador.<br \/>\nMoltes gr\u00e0cies per compartir aquesta estona amb nosaltres i d&#8217;ensenyar-nos tant!!<br \/>\n<a&hellip;  <a href=\"https:\/\/agora.xtec.cat\/ceip-joan-coret\/portada\/visita-illustrador-4t\/\" title=\"Read Visita il\u00b7lustrador 4t\">Llegeix m\u00e9s\u00bb<\/a><\/p>\n","protected":false},"author":3,"featured_media":0,"comment_status":"open","ping_status":"closed","sticky":false,"template":"","format":"standard","meta":{"_bbp_topic_count":0,"_bbp_reply_count":0,"_bbp_total_topic_count":0,"_bbp_total_reply_count":0,"_bbp_voice_count":0,"_bbp_anonymous_reply_count":0,"_bbp_topic_count_hidden":0,"_bbp_reply_count_hidden":0,"_bbp_forum_subforum_count":0,"footnotes":""},"categories":[13,4],"tags":[97,231,232],"class_list":["post-2081","post","type-post","status-publish","format-standard","hentry","category-4t","category-portada","tag-4t","tag-illustrador","tag-tallers-setmana-cultural"],"post_mailing_queue_ids":[],"_links":{"self":[{"href":"https:\/\/agora.xtec.cat\/ceip-joan-coret\/wp-json\/wp\/v2\/posts\/2081","targetHints":{"allow":["GET"]}}],"collection":[{"href":"https:\/\/agora.xtec.cat\/ceip-joan-coret\/wp-json\/wp\/v2\/posts"}],"about":[{"href":"https:\/\/agora.xtec.cat\/ceip-joan-coret\/wp-json\/wp\/v2\/types\/post"}],"author":[{"embeddable":true,"href":"https:\/\/agora.xtec.cat\/ceip-joan-coret\/wp-json\/wp\/v2\/users\/3"}],"replies":[{"embeddable":true,"href":"https:\/\/agora.xtec.cat\/ceip-joan-coret\/wp-json\/wp\/v2\/comments?post=2081"}],"version-history":[{"count":1,"href":"https:\/\/agora.xtec.cat\/ceip-joan-coret\/wp-json\/wp\/v2\/posts\/2081\/revisions"}],"predecessor-version":[{"id":2082,"href":"https:\/\/agora.xtec.cat\/ceip-joan-coret\/wp-json\/wp\/v2\/posts\/2081\/revisions\/2082"}],"wp:attachment":[{"href":"https:\/\/agora.xtec.cat\/ceip-joan-coret\/wp-json\/wp\/v2\/media?parent=2081"}],"wp:term":[{"taxonomy":"category","embeddable":true,"href":"https:\/\/agora.xtec.cat\/ceip-joan-coret\/wp-json\/wp\/v2\/categories?post=2081"},{"taxonomy":"post_tag","embeddable":true,"href":"https:\/\/agora.xtec.cat\/ceip-joan-coret\/wp-json\/wp\/v2\/tags?post=2081"}],"curies":[{"name":"wp","href":"https:\/\/api.w.org\/{rel}","templated":true}]}}