{"id":2075,"date":"2019-04-04T10:11:38","date_gmt":"2019-04-04T08:11:38","guid":{"rendered":"http:\/\/agora.xtec.cat\/ceip-joan-coret\/?p=2075"},"modified":"2019-04-04T10:11:38","modified_gmt":"2019-04-04T08:11:38","slug":"taller-de-pa-a-can-montcau","status":"publish","type":"post","link":"https:\/\/agora.xtec.cat\/ceip-joan-coret\/portada\/taller-de-pa-a-can-montcau\/","title":{"rendered":"Taller de Pa a Can Montcau"},"content":{"rendered":"<p>Tot el Cicle Inicial de l&#8217;escola va anar a Can Montcau a fer un taller de pa. Va ser un dia fant\u00e0stic, on vam poder aprendre com es fa tot el proc\u00e9s d&#8217;elaboraci\u00f3 del pa i el vam poder preparar nosaltres!<\/p>\n<p>Aqu\u00ed teniu les fotos que ens vam fer durant tot el dia:<\/p>\n<p><a href=\"https:\/\/photos.app.goo.gl\/fYiPuDc7MyL2BVUj6\" target=\"_blank\" rel=\"noopener\">https:\/\/photos.app.goo.gl\/fYiPuDc7MyL2BVUj6<\/a><\/p>\n","protected":false},"excerpt":{"rendered":"<p>Tot el Cicle Inicial de l&#8217;escola va anar a Can Montcau a fer un taller de pa. Va ser un dia fant\u00e0stic, on vam poder aprendre com es fa tot el proc\u00e9s d&#8217;elaboraci\u00f3 del pa i el vam poder preparar nosaltres!<br \/>\nAqu\u00ed teniu les fotos que&hellip;  <a href=\"https:\/\/agora.xtec.cat\/ceip-joan-coret\/portada\/taller-de-pa-a-can-montcau\/\" title=\"Read Taller de Pa a Can Montcau\">Llegeix m\u00e9s\u00bb<\/a><\/p>\n","protected":false},"author":3,"featured_media":0,"comment_status":"open","ping_status":"closed","sticky":false,"template":"","format":"standard","meta":{"_bbp_topic_count":0,"_bbp_reply_count":0,"_bbp_total_topic_count":0,"_bbp_total_reply_count":0,"_bbp_voice_count":0,"_bbp_anonymous_reply_count":0,"_bbp_topic_count_hidden":0,"_bbp_reply_count_hidden":0,"_bbp_forum_subforum_count":0,"footnotes":""},"categories":[10,11,4],"tags":[93,94,228,229],"class_list":["post-2075","post","type-post","status-publish","format-standard","hentry","category-1r","category-2n","category-portada","tag-1r","tag-2n","tag-can-montcau","tag-taller-de-pa"],"post_mailing_queue_ids":[],"_links":{"self":[{"href":"https:\/\/agora.xtec.cat\/ceip-joan-coret\/wp-json\/wp\/v2\/posts\/2075","targetHints":{"allow":["GET"]}}],"collection":[{"href":"https:\/\/agora.xtec.cat\/ceip-joan-coret\/wp-json\/wp\/v2\/posts"}],"about":[{"href":"https:\/\/agora.xtec.cat\/ceip-joan-coret\/wp-json\/wp\/v2\/types\/post"}],"author":[{"embeddable":true,"href":"https:\/\/agora.xtec.cat\/ceip-joan-coret\/wp-json\/wp\/v2\/users\/3"}],"replies":[{"embeddable":true,"href":"https:\/\/agora.xtec.cat\/ceip-joan-coret\/wp-json\/wp\/v2\/comments?post=2075"}],"version-history":[{"count":1,"href":"https:\/\/agora.xtec.cat\/ceip-joan-coret\/wp-json\/wp\/v2\/posts\/2075\/revisions"}],"predecessor-version":[{"id":2076,"href":"https:\/\/agora.xtec.cat\/ceip-joan-coret\/wp-json\/wp\/v2\/posts\/2075\/revisions\/2076"}],"wp:attachment":[{"href":"https:\/\/agora.xtec.cat\/ceip-joan-coret\/wp-json\/wp\/v2\/media?parent=2075"}],"wp:term":[{"taxonomy":"category","embeddable":true,"href":"https:\/\/agora.xtec.cat\/ceip-joan-coret\/wp-json\/wp\/v2\/categories?post=2075"},{"taxonomy":"post_tag","embeddable":true,"href":"https:\/\/agora.xtec.cat\/ceip-joan-coret\/wp-json\/wp\/v2\/tags?post=2075"}],"curies":[{"name":"wp","href":"https:\/\/api.w.org\/{rel}","templated":true}]}}