{"id":2058,"date":"2019-03-28T09:26:05","date_gmt":"2019-03-28T08:26:05","guid":{"rendered":"http:\/\/agora.xtec.cat\/ceip-joan-coret\/?p=2058"},"modified":"2019-03-28T09:26:05","modified_gmt":"2019-03-28T08:26:05","slug":"cinderella-play-2n","status":"publish","type":"post","link":"https:\/\/agora.xtec.cat\/ceip-joan-coret\/portada\/cinderella-play-2n\/","title":{"rendered":"Cinderella play 2n"},"content":{"rendered":"<p>Les classes de 2n vam anar al C\u00edrcol Cat\u00f2lic de Badalona a veure l&#8217;obra de teatre en angl\u00e8s &#8220;Cinderella&#8221;. Vam poder veure com algun de nosaltres va fer les seves primeres aparicions en el teatre i ho van fer d&#8217;all\u00f2 m\u00e9s b\u00e9!<\/p>\n<p><a href=\"https:\/\/photos.app.goo.gl\/DDzvfBgumPv9Lzp16\" target=\"_blank\" rel=\"noopener\">https:\/\/photos.app.goo.gl\/DDzvfBgumPv9Lzp16<\/a><\/p>\n","protected":false},"excerpt":{"rendered":"<p>Les classes de 2n vam anar al C\u00edrcol Cat\u00f2lic de Badalona a veure l&#8217;obra de teatre en angl\u00e8s &#8220;Cinderella&#8221;. Vam poder veure com algun de nosaltres va fer les seves primeres aparicions en el teatre i ho van fer d&#8217;all\u00f2 m\u00e9s b\u00e9!<br \/>\n<a href=\"https:\/\/photos.app.goo.gl\/DDzvfBgumPv9Lzp16\" target=\"_blank\" rel=\"noopener\">https:\/\/photos.app.goo.gl\/DDzvfBgumPv9Lzp16<\/a><\/p>\n","protected":false},"author":3,"featured_media":0,"comment_status":"open","ping_status":"closed","sticky":false,"template":"","format":"standard","meta":{"_bbp_topic_count":0,"_bbp_reply_count":0,"_bbp_total_topic_count":0,"_bbp_total_reply_count":0,"_bbp_voice_count":0,"_bbp_anonymous_reply_count":0,"_bbp_topic_count_hidden":0,"_bbp_reply_count_hidden":0,"_bbp_forum_subforum_count":0,"footnotes":""},"categories":[11,67,4],"tags":[94,226,204],"class_list":["post-2058","post","type-post","status-publish","format-standard","hentry","category-2n","category-angles","category-portada","tag-2n","tag-cinderella","tag-english-theatre"],"post_mailing_queue_ids":[],"_links":{"self":[{"href":"https:\/\/agora.xtec.cat\/ceip-joan-coret\/wp-json\/wp\/v2\/posts\/2058","targetHints":{"allow":["GET"]}}],"collection":[{"href":"https:\/\/agora.xtec.cat\/ceip-joan-coret\/wp-json\/wp\/v2\/posts"}],"about":[{"href":"https:\/\/agora.xtec.cat\/ceip-joan-coret\/wp-json\/wp\/v2\/types\/post"}],"author":[{"embeddable":true,"href":"https:\/\/agora.xtec.cat\/ceip-joan-coret\/wp-json\/wp\/v2\/users\/3"}],"replies":[{"embeddable":true,"href":"https:\/\/agora.xtec.cat\/ceip-joan-coret\/wp-json\/wp\/v2\/comments?post=2058"}],"version-history":[{"count":1,"href":"https:\/\/agora.xtec.cat\/ceip-joan-coret\/wp-json\/wp\/v2\/posts\/2058\/revisions"}],"predecessor-version":[{"id":2059,"href":"https:\/\/agora.xtec.cat\/ceip-joan-coret\/wp-json\/wp\/v2\/posts\/2058\/revisions\/2059"}],"wp:attachment":[{"href":"https:\/\/agora.xtec.cat\/ceip-joan-coret\/wp-json\/wp\/v2\/media?parent=2058"}],"wp:term":[{"taxonomy":"category","embeddable":true,"href":"https:\/\/agora.xtec.cat\/ceip-joan-coret\/wp-json\/wp\/v2\/categories?post=2058"},{"taxonomy":"post_tag","embeddable":true,"href":"https:\/\/agora.xtec.cat\/ceip-joan-coret\/wp-json\/wp\/v2\/tags?post=2058"}],"curies":[{"name":"wp","href":"https:\/\/api.w.org\/{rel}","templated":true}]}}