{"id":2023,"date":"2019-03-19T13:39:05","date_gmt":"2019-03-19T12:39:05","guid":{"rendered":"http:\/\/agora.xtec.cat\/ceip-joan-coret\/?p=2023"},"modified":"2019-03-19T13:39:05","modified_gmt":"2019-03-19T12:39:05","slug":"cursa-orientacio-4t-2","status":"publish","type":"post","link":"https:\/\/agora.xtec.cat\/ceip-joan-coret\/portada\/cursa-orientacio-4t-2\/","title":{"rendered":"Cursa Orientaci\u00f3 4t"},"content":{"rendered":"<p>El passat dia 15 de mar\u00e7, les classes de 6\u00e8 vam anar al Tur\u00f3 d&#8217;en Caritg per fer la Cursa d&#8217;Orientaci\u00f3. Vam participar 32 escoles de Badalona i va ser una experi\u00e8ncia molt interessant i divertida&#8230; per\u00f2 vam acabar sense forces, per\u00f2 va valer la pena l&#8217;esfor\u00e7!! Aqu\u00ed teniu algunes fotos:<\/p>\n<p><a href=\"https:\/\/photos.app.goo.gl\/4LNHvhba3uh1JwJ1A\" target=\"_blank\" rel=\"noopener\">https:\/\/photos.app.goo.gl\/4LNHvhba3uh1JwJ1A<\/a><\/p>\n","protected":false},"excerpt":{"rendered":"<p>El passat dia 15 de mar\u00e7, les classes de 6\u00e8 vam anar al Tur\u00f3 d&#8217;en Caritg per fer la Cursa d&#8217;Orientaci\u00f3. Vam participar 32 escoles de Badalona i va ser una experi\u00e8ncia molt interessant i divertida&#8230; per\u00f2 vam acabar sense forces, per\u00f2 va valer la&hellip;  <a href=\"https:\/\/agora.xtec.cat\/ceip-joan-coret\/portada\/cursa-orientacio-4t-2\/\" title=\"Read Cursa Orientaci\u00f3 4t\">Llegeix m\u00e9s\u00bb<\/a><\/p>\n","protected":false},"author":3,"featured_media":0,"comment_status":"open","ping_status":"closed","sticky":false,"template":"","format":"standard","meta":{"_bbp_topic_count":0,"_bbp_reply_count":0,"_bbp_total_topic_count":0,"_bbp_total_reply_count":0,"_bbp_voice_count":0,"_bbp_anonymous_reply_count":0,"_bbp_topic_count_hidden":0,"_bbp_reply_count_hidden":0,"_bbp_forum_subforum_count":0,"footnotes":""},"categories":[13,4],"tags":[97,217,218],"class_list":["post-2023","post","type-post","status-publish","format-standard","hentry","category-4t","category-portada","tag-4t","tag-cursa-orientacio","tag-grup-mef-badalona"],"post_mailing_queue_ids":[],"_links":{"self":[{"href":"https:\/\/agora.xtec.cat\/ceip-joan-coret\/wp-json\/wp\/v2\/posts\/2023","targetHints":{"allow":["GET"]}}],"collection":[{"href":"https:\/\/agora.xtec.cat\/ceip-joan-coret\/wp-json\/wp\/v2\/posts"}],"about":[{"href":"https:\/\/agora.xtec.cat\/ceip-joan-coret\/wp-json\/wp\/v2\/types\/post"}],"author":[{"embeddable":true,"href":"https:\/\/agora.xtec.cat\/ceip-joan-coret\/wp-json\/wp\/v2\/users\/3"}],"replies":[{"embeddable":true,"href":"https:\/\/agora.xtec.cat\/ceip-joan-coret\/wp-json\/wp\/v2\/comments?post=2023"}],"version-history":[{"count":1,"href":"https:\/\/agora.xtec.cat\/ceip-joan-coret\/wp-json\/wp\/v2\/posts\/2023\/revisions"}],"predecessor-version":[{"id":2024,"href":"https:\/\/agora.xtec.cat\/ceip-joan-coret\/wp-json\/wp\/v2\/posts\/2023\/revisions\/2024"}],"wp:attachment":[{"href":"https:\/\/agora.xtec.cat\/ceip-joan-coret\/wp-json\/wp\/v2\/media?parent=2023"}],"wp:term":[{"taxonomy":"category","embeddable":true,"href":"https:\/\/agora.xtec.cat\/ceip-joan-coret\/wp-json\/wp\/v2\/categories?post=2023"},{"taxonomy":"post_tag","embeddable":true,"href":"https:\/\/agora.xtec.cat\/ceip-joan-coret\/wp-json\/wp\/v2\/tags?post=2023"}],"curies":[{"name":"wp","href":"https:\/\/api.w.org\/{rel}","templated":true}]}}