{"id":2001,"date":"2019-03-11T16:29:49","date_gmt":"2019-03-11T15:29:49","guid":{"rendered":"http:\/\/agora.xtec.cat\/ceip-joan-coret\/?p=2001"},"modified":"2019-03-11T16:30:09","modified_gmt":"2019-03-11T15:30:09","slug":"visita-al-ventura-gassol","status":"publish","type":"post","link":"https:\/\/agora.xtec.cat\/ceip-joan-coret\/portada\/visita-al-ventura-gassol\/","title":{"rendered":"Visita al Ventura Gassol"},"content":{"rendered":"<p>El dia 11 de mar\u00e7 les dues classes de 6\u00e8 hem anat de visita a l&#8217;institut que tenim al costat, el Ventura Gassol. Ha estat molt profit\u00f2s, hem vist com es treballa, les instal\u00b7lacions, alguns professors i professores i a m\u00e9s a m\u00e9s, hem vist alguns dels antics companys i companyes del Joan Coret que ara estan fent ESO i Batxillerat. Ha estat molt interessant. Aqu\u00ed ho podeu veure:<\/p>\n<p><a href=\"https:\/\/photos.app.goo.gl\/arMrp8KbL7ciGQcaA\" target=\"_blank\" rel=\"noopener\">https:\/\/photos.app.goo.gl\/arMrp8KbL7ciGQcaA<\/a><\/p>\n","protected":false},"excerpt":{"rendered":"<p>El dia 11 de mar\u00e7 les dues classes de 6\u00e8 hem anat de visita a l&#8217;institut que tenim al costat, el Ventura Gassol. Ha estat molt profit\u00f2s, hem vist com es treballa, les instal\u00b7lacions, alguns professors i professores i a m\u00e9s a m\u00e9s, hem vist&hellip;  <a href=\"https:\/\/agora.xtec.cat\/ceip-joan-coret\/portada\/visita-al-ventura-gassol\/\" title=\"Read Visita al Ventura Gassol\">Llegeix m\u00e9s\u00bb<\/a><\/p>\n","protected":false},"author":3,"featured_media":0,"comment_status":"open","ping_status":"closed","sticky":false,"template":"","format":"standard","meta":{"_bbp_topic_count":0,"_bbp_reply_count":0,"_bbp_total_topic_count":0,"_bbp_total_reply_count":0,"_bbp_voice_count":0,"_bbp_anonymous_reply_count":0,"_bbp_topic_count_hidden":0,"_bbp_reply_count_hidden":0,"_bbp_forum_subforum_count":0,"footnotes":""},"categories":[15,4],"tags":[65,215],"class_list":["post-2001","post","type-post","status-publish","format-standard","hentry","category-6e","category-portada","tag-6e","tag-ventura-gassol"],"post_mailing_queue_ids":[],"_links":{"self":[{"href":"https:\/\/agora.xtec.cat\/ceip-joan-coret\/wp-json\/wp\/v2\/posts\/2001","targetHints":{"allow":["GET"]}}],"collection":[{"href":"https:\/\/agora.xtec.cat\/ceip-joan-coret\/wp-json\/wp\/v2\/posts"}],"about":[{"href":"https:\/\/agora.xtec.cat\/ceip-joan-coret\/wp-json\/wp\/v2\/types\/post"}],"author":[{"embeddable":true,"href":"https:\/\/agora.xtec.cat\/ceip-joan-coret\/wp-json\/wp\/v2\/users\/3"}],"replies":[{"embeddable":true,"href":"https:\/\/agora.xtec.cat\/ceip-joan-coret\/wp-json\/wp\/v2\/comments?post=2001"}],"version-history":[{"count":2,"href":"https:\/\/agora.xtec.cat\/ceip-joan-coret\/wp-json\/wp\/v2\/posts\/2001\/revisions"}],"predecessor-version":[{"id":2003,"href":"https:\/\/agora.xtec.cat\/ceip-joan-coret\/wp-json\/wp\/v2\/posts\/2001\/revisions\/2003"}],"wp:attachment":[{"href":"https:\/\/agora.xtec.cat\/ceip-joan-coret\/wp-json\/wp\/v2\/media?parent=2001"}],"wp:term":[{"taxonomy":"category","embeddable":true,"href":"https:\/\/agora.xtec.cat\/ceip-joan-coret\/wp-json\/wp\/v2\/categories?post=2001"},{"taxonomy":"post_tag","embeddable":true,"href":"https:\/\/agora.xtec.cat\/ceip-joan-coret\/wp-json\/wp\/v2\/tags?post=2001"}],"curies":[{"name":"wp","href":"https:\/\/api.w.org\/{rel}","templated":true}]}}