{"id":1985,"date":"2019-02-28T16:16:39","date_gmt":"2019-02-28T15:16:39","guid":{"rendered":"http:\/\/agora.xtec.cat\/ceip-joan-coret\/?p=1985"},"modified":"2019-02-28T16:16:39","modified_gmt":"2019-02-28T15:16:39","slug":"classificacio-dels-animals-2n","status":"publish","type":"post","link":"https:\/\/agora.xtec.cat\/ceip-joan-coret\/portada\/classificacio-dels-animals-2n\/","title":{"rendered":"Classificaci\u00f3 dels animals 2n"},"content":{"rendered":"<p>A segon vam estar parlant de la classificaci\u00f3 dels animals. Vam sortir moltes idees i aqu\u00ed teniu les fotos on les podem veure:<\/p>\n<p><a href=\"https:\/\/photos.app.goo.gl\/8aazcx1VYWNBnaWh7\" target=\"_blank\" rel=\"noopener\">https:\/\/photos.app.goo.gl\/8aazcx1VYWNBnaWh7<\/a><\/p>\n","protected":false},"excerpt":{"rendered":"<p>A segon vam estar parlant de la classificaci\u00f3 dels animals. Vam sortir moltes idees i aqu\u00ed teniu les fotos on les podem veure:<br \/>\n<a href=\"https:\/\/photos.app.goo.gl\/8aazcx1VYWNBnaWh7\" target=\"_blank\" rel=\"noopener\">https:\/\/photos.app.goo.gl\/8aazcx1VYWNBnaWh7<\/a><\/p>\n","protected":false},"author":3,"featured_media":0,"comment_status":"open","ping_status":"closed","sticky":false,"template":"","format":"standard","meta":{"_bbp_topic_count":0,"_bbp_reply_count":0,"_bbp_total_topic_count":0,"_bbp_total_reply_count":0,"_bbp_voice_count":0,"_bbp_anonymous_reply_count":0,"_bbp_topic_count_hidden":0,"_bbp_reply_count_hidden":0,"_bbp_forum_subforum_count":0,"footnotes":""},"categories":[11,4],"tags":[94,213],"class_list":["post-1985","post","type-post","status-publish","format-standard","hentry","category-2n","category-portada","tag-2n","tag-animals"],"post_mailing_queue_ids":[],"_links":{"self":[{"href":"https:\/\/agora.xtec.cat\/ceip-joan-coret\/wp-json\/wp\/v2\/posts\/1985","targetHints":{"allow":["GET"]}}],"collection":[{"href":"https:\/\/agora.xtec.cat\/ceip-joan-coret\/wp-json\/wp\/v2\/posts"}],"about":[{"href":"https:\/\/agora.xtec.cat\/ceip-joan-coret\/wp-json\/wp\/v2\/types\/post"}],"author":[{"embeddable":true,"href":"https:\/\/agora.xtec.cat\/ceip-joan-coret\/wp-json\/wp\/v2\/users\/3"}],"replies":[{"embeddable":true,"href":"https:\/\/agora.xtec.cat\/ceip-joan-coret\/wp-json\/wp\/v2\/comments?post=1985"}],"version-history":[{"count":1,"href":"https:\/\/agora.xtec.cat\/ceip-joan-coret\/wp-json\/wp\/v2\/posts\/1985\/revisions"}],"predecessor-version":[{"id":1986,"href":"https:\/\/agora.xtec.cat\/ceip-joan-coret\/wp-json\/wp\/v2\/posts\/1985\/revisions\/1986"}],"wp:attachment":[{"href":"https:\/\/agora.xtec.cat\/ceip-joan-coret\/wp-json\/wp\/v2\/media?parent=1985"}],"wp:term":[{"taxonomy":"category","embeddable":true,"href":"https:\/\/agora.xtec.cat\/ceip-joan-coret\/wp-json\/wp\/v2\/categories?post=1985"},{"taxonomy":"post_tag","embeddable":true,"href":"https:\/\/agora.xtec.cat\/ceip-joan-coret\/wp-json\/wp\/v2\/tags?post=1985"}],"curies":[{"name":"wp","href":"https:\/\/api.w.org\/{rel}","templated":true}]}}