{"id":1975,"date":"2019-02-25T16:22:49","date_gmt":"2019-02-25T15:22:49","guid":{"rendered":"http:\/\/agora.xtec.cat\/ceip-joan-coret\/?p=1975"},"modified":"2019-02-25T16:22:49","modified_gmt":"2019-02-25T15:22:49","slug":"mnactec-5e","status":"publish","type":"post","link":"https:\/\/agora.xtec.cat\/ceip-joan-coret\/portada\/mnactec-5e\/","title":{"rendered":"MNACTEC 5\u00e8"},"content":{"rendered":"<p>Els dos cursos de 5\u00e8 vam visitar l&#8217;MNACTEC de Terrassa per a fer un taller d&#8217;Engranatges. Va ser molt interessant i a m\u00e9s a m\u00e9s despr\u00e9s vam fer una visita pel museu on vam veure tot el que s&#8217;exposa. Va ser Genial!<\/p>\n<p><a href=\"https:\/\/photos.app.goo.gl\/DZT4M6ugE4SrHj146\" target=\"_blank\" rel=\"noopener\">https:\/\/photos.app.goo.gl\/DZT4M6ugE4SrHj146<\/a><\/p>\n","protected":false},"excerpt":{"rendered":"<p>Els dos cursos de 5\u00e8 vam visitar l&#8217;MNACTEC de Terrassa per a fer un taller d&#8217;Engranatges. Va ser molt interessant i a m\u00e9s a m\u00e9s despr\u00e9s vam fer una visita pel museu on vam veure tot el que s&#8217;exposa. Va ser Genial!<br \/>\n<a href=\"https:\/\/photos.app.goo.gl\/DZT4M6ugE4SrHj146\" target=\"_blank\" rel=\"noopener\">https:\/\/photos.app.goo.gl\/DZT4M6ugE4SrHj146<\/a><\/p>\n","protected":false},"author":3,"featured_media":0,"comment_status":"open","ping_status":"closed","sticky":false,"template":"","format":"standard","meta":{"_bbp_topic_count":0,"_bbp_reply_count":0,"_bbp_total_topic_count":0,"_bbp_total_reply_count":0,"_bbp_voice_count":0,"_bbp_anonymous_reply_count":0,"_bbp_topic_count_hidden":0,"_bbp_reply_count_hidden":0,"_bbp_forum_subforum_count":0,"footnotes":""},"categories":[14,4],"tags":[68,210],"class_list":["post-1975","post","type-post","status-publish","format-standard","hentry","category-5e","category-portada","tag-5e","tag-mnactec"],"post_mailing_queue_ids":[],"_links":{"self":[{"href":"https:\/\/agora.xtec.cat\/ceip-joan-coret\/wp-json\/wp\/v2\/posts\/1975","targetHints":{"allow":["GET"]}}],"collection":[{"href":"https:\/\/agora.xtec.cat\/ceip-joan-coret\/wp-json\/wp\/v2\/posts"}],"about":[{"href":"https:\/\/agora.xtec.cat\/ceip-joan-coret\/wp-json\/wp\/v2\/types\/post"}],"author":[{"embeddable":true,"href":"https:\/\/agora.xtec.cat\/ceip-joan-coret\/wp-json\/wp\/v2\/users\/3"}],"replies":[{"embeddable":true,"href":"https:\/\/agora.xtec.cat\/ceip-joan-coret\/wp-json\/wp\/v2\/comments?post=1975"}],"version-history":[{"count":1,"href":"https:\/\/agora.xtec.cat\/ceip-joan-coret\/wp-json\/wp\/v2\/posts\/1975\/revisions"}],"predecessor-version":[{"id":1976,"href":"https:\/\/agora.xtec.cat\/ceip-joan-coret\/wp-json\/wp\/v2\/posts\/1975\/revisions\/1976"}],"wp:attachment":[{"href":"https:\/\/agora.xtec.cat\/ceip-joan-coret\/wp-json\/wp\/v2\/media?parent=1975"}],"wp:term":[{"taxonomy":"category","embeddable":true,"href":"https:\/\/agora.xtec.cat\/ceip-joan-coret\/wp-json\/wp\/v2\/categories?post=1975"},{"taxonomy":"post_tag","embeddable":true,"href":"https:\/\/agora.xtec.cat\/ceip-joan-coret\/wp-json\/wp\/v2\/tags?post=1975"}],"curies":[{"name":"wp","href":"https:\/\/api.w.org\/{rel}","templated":true}]}}