{"id":1935,"date":"2019-02-19T11:50:02","date_gmt":"2019-02-19T10:50:02","guid":{"rendered":"http:\/\/agora.xtec.cat\/ceip-joan-coret\/?p=1935"},"modified":"2019-02-19T11:50:02","modified_gmt":"2019-02-19T10:50:02","slug":"equilibri-ed-fisica-3r","status":"publish","type":"post","link":"https:\/\/agora.xtec.cat\/ceip-joan-coret\/portada\/equilibri-ed-fisica-3r\/","title":{"rendered":"Equilibri Ed. F\u00edsica 3r"},"content":{"rendered":"<p>Com treballem a 3r l&#8217;equilibri? El millor \u00e9s que ho veieu en aquestes fotos que ens hem fet. A veure qu\u00e8 us sembla!<\/p>\n<p><a href=\"https:\/\/photos.app.goo.gl\/C2ExJPPpsXXsyN9MA\" target=\"_blank\" rel=\"noopener\">https:\/\/photos.app.goo.gl\/C2ExJPPpsXXsyN9MA<\/a><\/p>\n","protected":false},"excerpt":{"rendered":"<p>Com treballem a 3r l&#8217;equilibri? El millor \u00e9s que ho veieu en aquestes fotos que ens hem fet. A veure qu\u00e8 us sembla!<br \/>\n<a href=\"https:\/\/photos.app.goo.gl\/C2ExJPPpsXXsyN9MA\" target=\"_blank\" rel=\"noopener\">https:\/\/photos.app.goo.gl\/C2ExJPPpsXXsyN9MA<\/a><\/p>\n","protected":false},"author":3,"featured_media":0,"comment_status":"open","ping_status":"closed","sticky":false,"template":"","format":"standard","meta":{"_bbp_topic_count":0,"_bbp_reply_count":0,"_bbp_total_topic_count":0,"_bbp_total_reply_count":0,"_bbp_voice_count":0,"_bbp_anonymous_reply_count":0,"_bbp_topic_count_hidden":0,"_bbp_reply_count_hidden":0,"_bbp_forum_subforum_count":0,"footnotes":""},"categories":[12,4],"tags":[72,66],"class_list":["post-1935","post","type-post","status-publish","format-standard","hentry","category-3r","category-portada","tag-3r","tag-ed-fisica"],"post_mailing_queue_ids":[],"_links":{"self":[{"href":"https:\/\/agora.xtec.cat\/ceip-joan-coret\/wp-json\/wp\/v2\/posts\/1935","targetHints":{"allow":["GET"]}}],"collection":[{"href":"https:\/\/agora.xtec.cat\/ceip-joan-coret\/wp-json\/wp\/v2\/posts"}],"about":[{"href":"https:\/\/agora.xtec.cat\/ceip-joan-coret\/wp-json\/wp\/v2\/types\/post"}],"author":[{"embeddable":true,"href":"https:\/\/agora.xtec.cat\/ceip-joan-coret\/wp-json\/wp\/v2\/users\/3"}],"replies":[{"embeddable":true,"href":"https:\/\/agora.xtec.cat\/ceip-joan-coret\/wp-json\/wp\/v2\/comments?post=1935"}],"version-history":[{"count":1,"href":"https:\/\/agora.xtec.cat\/ceip-joan-coret\/wp-json\/wp\/v2\/posts\/1935\/revisions"}],"predecessor-version":[{"id":1936,"href":"https:\/\/agora.xtec.cat\/ceip-joan-coret\/wp-json\/wp\/v2\/posts\/1935\/revisions\/1936"}],"wp:attachment":[{"href":"https:\/\/agora.xtec.cat\/ceip-joan-coret\/wp-json\/wp\/v2\/media?parent=1935"}],"wp:term":[{"taxonomy":"category","embeddable":true,"href":"https:\/\/agora.xtec.cat\/ceip-joan-coret\/wp-json\/wp\/v2\/categories?post=1935"},{"taxonomy":"post_tag","embeddable":true,"href":"https:\/\/agora.xtec.cat\/ceip-joan-coret\/wp-json\/wp\/v2\/tags?post=1935"}],"curies":[{"name":"wp","href":"https:\/\/api.w.org\/{rel}","templated":true}]}}