{"id":1927,"date":"2019-02-18T16:05:49","date_gmt":"2019-02-18T15:05:49","guid":{"rendered":"http:\/\/agora.xtec.cat\/ceip-joan-coret\/?p=1927"},"modified":"2019-02-18T16:05:49","modified_gmt":"2019-02-18T15:05:49","slug":"taller-alimentacio-4t","status":"publish","type":"post","link":"https:\/\/agora.xtec.cat\/ceip-joan-coret\/portada\/taller-alimentacio-4t\/","title":{"rendered":"Taller Alimentaci\u00f3 4t"},"content":{"rendered":"<p>A l&#8217;escola vam fer un taller d&#8217;alimentaci\u00f3 saludable. Vam aprendre moltes coses i intentarem seguir els consells que ens van donar per a tenir una alimentaci\u00f3 saludable!<\/p>\n<p><a href=\"https:\/\/photos.app.goo.gl\/qi2qjn9CvNnAiift5\" target=\"_blank\" rel=\"noopener\">https:\/\/photos.app.goo.gl\/qi2qjn9CvNnAiift5<\/a><\/p>\n","protected":false},"excerpt":{"rendered":"<p>A l&#8217;escola vam fer un taller d&#8217;alimentaci\u00f3 saludable. Vam aprendre moltes coses i intentarem seguir els consells que ens van donar per a tenir una alimentaci\u00f3 saludable!<br \/>\n<a href=\"https:\/\/photos.app.goo.gl\/qi2qjn9CvNnAiift5\" target=\"_blank\" rel=\"noopener\">https:\/\/photos.app.goo.gl\/qi2qjn9CvNnAiift5<\/a><\/p>\n","protected":false},"author":3,"featured_media":0,"comment_status":"open","ping_status":"closed","sticky":false,"template":"","format":"standard","meta":{"_bbp_topic_count":0,"_bbp_reply_count":0,"_bbp_total_topic_count":0,"_bbp_total_reply_count":0,"_bbp_voice_count":0,"_bbp_anonymous_reply_count":0,"_bbp_topic_count_hidden":0,"_bbp_reply_count_hidden":0,"_bbp_forum_subforum_count":0,"footnotes":""},"categories":[13,4],"tags":[97,107],"class_list":["post-1927","post","type-post","status-publish","format-standard","hentry","category-4t","category-portada","tag-4t","tag-taller-alimentacio"],"post_mailing_queue_ids":[],"_links":{"self":[{"href":"https:\/\/agora.xtec.cat\/ceip-joan-coret\/wp-json\/wp\/v2\/posts\/1927","targetHints":{"allow":["GET"]}}],"collection":[{"href":"https:\/\/agora.xtec.cat\/ceip-joan-coret\/wp-json\/wp\/v2\/posts"}],"about":[{"href":"https:\/\/agora.xtec.cat\/ceip-joan-coret\/wp-json\/wp\/v2\/types\/post"}],"author":[{"embeddable":true,"href":"https:\/\/agora.xtec.cat\/ceip-joan-coret\/wp-json\/wp\/v2\/users\/3"}],"replies":[{"embeddable":true,"href":"https:\/\/agora.xtec.cat\/ceip-joan-coret\/wp-json\/wp\/v2\/comments?post=1927"}],"version-history":[{"count":1,"href":"https:\/\/agora.xtec.cat\/ceip-joan-coret\/wp-json\/wp\/v2\/posts\/1927\/revisions"}],"predecessor-version":[{"id":1928,"href":"https:\/\/agora.xtec.cat\/ceip-joan-coret\/wp-json\/wp\/v2\/posts\/1927\/revisions\/1928"}],"wp:attachment":[{"href":"https:\/\/agora.xtec.cat\/ceip-joan-coret\/wp-json\/wp\/v2\/media?parent=1927"}],"wp:term":[{"taxonomy":"category","embeddable":true,"href":"https:\/\/agora.xtec.cat\/ceip-joan-coret\/wp-json\/wp\/v2\/categories?post=1927"},{"taxonomy":"post_tag","embeddable":true,"href":"https:\/\/agora.xtec.cat\/ceip-joan-coret\/wp-json\/wp\/v2\/tags?post=1927"}],"curies":[{"name":"wp","href":"https:\/\/api.w.org\/{rel}","templated":true}]}}