{"id":1914,"date":"2019-02-11T16:06:33","date_gmt":"2019-02-11T15:06:33","guid":{"rendered":"http:\/\/agora.xtec.cat\/ceip-joan-coret\/?p=1914"},"modified":"2019-02-11T16:06:46","modified_gmt":"2019-02-11T15:06:46","slug":"fem-cagar-el-tio-p-5","status":"publish","type":"post","link":"https:\/\/agora.xtec.cat\/ceip-joan-coret\/portada\/fem-cagar-el-tio-p-5\/","title":{"rendered":"Fem cagar el Ti\u00f3 P-5"},"content":{"rendered":"<p>A P-5 fem cagar el Ti\u00f3&#8230;. i aqu\u00ed us ho ensenyem!<\/p>\n<p><a href=\"https:\/\/photos.app.goo.gl\/5sSC4GRbEvAB9jfv9\" target=\"_blank\" rel=\"noopener\">https:\/\/photos.app.goo.gl\/5sSC4GRbEvAB9jfv9<\/a><\/p>\n<p>&nbsp;<\/p>\n","protected":false},"excerpt":{"rendered":"<p>A P-5 fem cagar el Ti\u00f3&#8230;. i aqu\u00ed us ho ensenyem!<br \/>\n<a href=\"https:\/\/photos.app.goo.gl\/5sSC4GRbEvAB9jfv9\" target=\"_blank\" rel=\"noopener\">https:\/\/photos.app.goo.gl\/5sSC4GRbEvAB9jfv9<\/a><br \/>\n&nbsp;<\/p>\n","protected":false},"author":3,"featured_media":0,"comment_status":"open","ping_status":"closed","sticky":false,"template":"","format":"standard","meta":{"_bbp_topic_count":0,"_bbp_reply_count":0,"_bbp_total_topic_count":0,"_bbp_total_reply_count":0,"_bbp_voice_count":0,"_bbp_anonymous_reply_count":0,"_bbp_topic_count_hidden":0,"_bbp_reply_count_hidden":0,"_bbp_forum_subforum_count":0,"footnotes":""},"categories":[9,4],"tags":[156,151],"class_list":["post-1914","post","type-post","status-publish","format-standard","hentry","category-i5","category-portada","tag-caga-tio","tag-p-5"],"post_mailing_queue_ids":[],"_links":{"self":[{"href":"https:\/\/agora.xtec.cat\/ceip-joan-coret\/wp-json\/wp\/v2\/posts\/1914","targetHints":{"allow":["GET"]}}],"collection":[{"href":"https:\/\/agora.xtec.cat\/ceip-joan-coret\/wp-json\/wp\/v2\/posts"}],"about":[{"href":"https:\/\/agora.xtec.cat\/ceip-joan-coret\/wp-json\/wp\/v2\/types\/post"}],"author":[{"embeddable":true,"href":"https:\/\/agora.xtec.cat\/ceip-joan-coret\/wp-json\/wp\/v2\/users\/3"}],"replies":[{"embeddable":true,"href":"https:\/\/agora.xtec.cat\/ceip-joan-coret\/wp-json\/wp\/v2\/comments?post=1914"}],"version-history":[{"count":2,"href":"https:\/\/agora.xtec.cat\/ceip-joan-coret\/wp-json\/wp\/v2\/posts\/1914\/revisions"}],"predecessor-version":[{"id":1916,"href":"https:\/\/agora.xtec.cat\/ceip-joan-coret\/wp-json\/wp\/v2\/posts\/1914\/revisions\/1916"}],"wp:attachment":[{"href":"https:\/\/agora.xtec.cat\/ceip-joan-coret\/wp-json\/wp\/v2\/media?parent=1914"}],"wp:term":[{"taxonomy":"category","embeddable":true,"href":"https:\/\/agora.xtec.cat\/ceip-joan-coret\/wp-json\/wp\/v2\/categories?post=1914"},{"taxonomy":"post_tag","embeddable":true,"href":"https:\/\/agora.xtec.cat\/ceip-joan-coret\/wp-json\/wp\/v2\/tags?post=1914"}],"curies":[{"name":"wp","href":"https:\/\/api.w.org\/{rel}","templated":true}]}}