{"id":1912,"date":"2019-02-11T16:04:27","date_gmt":"2019-02-11T15:04:27","guid":{"rendered":"http:\/\/agora.xtec.cat\/ceip-joan-coret\/?p=1912"},"modified":"2019-02-11T16:04:27","modified_gmt":"2019-02-11T15:04:27","slug":"plastica-p-5","status":"publish","type":"post","link":"https:\/\/agora.xtec.cat\/ceip-joan-coret\/portada\/plastica-p-5\/","title":{"rendered":"Pl\u00e0stica P-5"},"content":{"rendered":"<p>Com treballem la pl\u00e0stica a P-5? de moltes maneres, per\u00f2 aqu\u00ed teniu algunes fotos perqu\u00e8 us aneu fent a la idea:<\/p>\n<p><a href=\"https:\/\/photos.app.goo.gl\/Sd8FcTyb9ST6B4Ew9\" target=\"_blank\" rel=\"noopener\">https:\/\/photos.app.goo.gl\/Sd8FcTyb9ST6B4Ew9<\/a><\/p>\n","protected":false},"excerpt":{"rendered":"<p>Com treballem la pl\u00e0stica a P-5? de moltes maneres, per\u00f2 aqu\u00ed teniu algunes fotos perqu\u00e8 us aneu fent a la idea:<br \/>\n<a href=\"https:\/\/photos.app.goo.gl\/Sd8FcTyb9ST6B4Ew9\" target=\"_blank\" rel=\"noopener\">https:\/\/photos.app.goo.gl\/Sd8FcTyb9ST6B4Ew9<\/a><\/p>\n","protected":false},"author":3,"featured_media":0,"comment_status":"open","ping_status":"closed","sticky":false,"template":"","format":"standard","meta":{"_bbp_topic_count":0,"_bbp_reply_count":0,"_bbp_total_topic_count":0,"_bbp_total_reply_count":0,"_bbp_voice_count":0,"_bbp_anonymous_reply_count":0,"_bbp_topic_count_hidden":0,"_bbp_reply_count_hidden":0,"_bbp_forum_subforum_count":0,"footnotes":""},"categories":[9,4],"tags":[151,17],"class_list":["post-1912","post","type-post","status-publish","format-standard","hentry","category-i5","category-portada","tag-p-5","tag-plastica"],"post_mailing_queue_ids":[],"_links":{"self":[{"href":"https:\/\/agora.xtec.cat\/ceip-joan-coret\/wp-json\/wp\/v2\/posts\/1912","targetHints":{"allow":["GET"]}}],"collection":[{"href":"https:\/\/agora.xtec.cat\/ceip-joan-coret\/wp-json\/wp\/v2\/posts"}],"about":[{"href":"https:\/\/agora.xtec.cat\/ceip-joan-coret\/wp-json\/wp\/v2\/types\/post"}],"author":[{"embeddable":true,"href":"https:\/\/agora.xtec.cat\/ceip-joan-coret\/wp-json\/wp\/v2\/users\/3"}],"replies":[{"embeddable":true,"href":"https:\/\/agora.xtec.cat\/ceip-joan-coret\/wp-json\/wp\/v2\/comments?post=1912"}],"version-history":[{"count":1,"href":"https:\/\/agora.xtec.cat\/ceip-joan-coret\/wp-json\/wp\/v2\/posts\/1912\/revisions"}],"predecessor-version":[{"id":1913,"href":"https:\/\/agora.xtec.cat\/ceip-joan-coret\/wp-json\/wp\/v2\/posts\/1912\/revisions\/1913"}],"wp:attachment":[{"href":"https:\/\/agora.xtec.cat\/ceip-joan-coret\/wp-json\/wp\/v2\/media?parent=1912"}],"wp:term":[{"taxonomy":"category","embeddable":true,"href":"https:\/\/agora.xtec.cat\/ceip-joan-coret\/wp-json\/wp\/v2\/categories?post=1912"},{"taxonomy":"post_tag","embeddable":true,"href":"https:\/\/agora.xtec.cat\/ceip-joan-coret\/wp-json\/wp\/v2\/tags?post=1912"}],"curies":[{"name":"wp","href":"https:\/\/api.w.org\/{rel}","templated":true}]}}