{"id":1902,"date":"2019-02-11T15:46:34","date_gmt":"2019-02-11T14:46:34","guid":{"rendered":"http:\/\/agora.xtec.cat\/ceip-joan-coret\/?p=1902"},"modified":"2019-02-11T15:47:39","modified_gmt":"2019-02-11T14:47:39","slug":"tio-p-5","status":"publish","type":"post","link":"https:\/\/agora.xtec.cat\/ceip-joan-coret\/portada\/tio-p-5\/","title":{"rendered":"Ti\u00f3 P-5"},"content":{"rendered":"<p>Per Nadal toca el Ti\u00f3 i per aix\u00f2 us ensenyem aquestes fotos on es veu com el vam trobar per a poder cuidar-lo amb totes les atencions que facin falta!<\/p>\n<p><a href=\"https:\/\/photos.app.goo.gl\/wbUVy2eMF1TnjWbUA\" target=\"_blank\" rel=\"noopener\">https:\/\/photos.app.goo.gl\/wbUVy2eMF1TnjWbUA<\/a><\/p>\n","protected":false},"excerpt":{"rendered":"<p>Per Nadal toca el Ti\u00f3 i per aix\u00f2 us ensenyem aquestes fotos on es veu com el vam trobar per a poder cuidar-lo amb totes les atencions que facin falta!<br \/>\n<a href=\"https:\/\/photos.app.goo.gl\/wbUVy2eMF1TnjWbUA\" target=\"_blank\" rel=\"noopener\">https:\/\/photos.app.goo.gl\/wbUVy2eMF1TnjWbUA<\/a><\/p>\n","protected":false},"author":3,"featured_media":0,"comment_status":"open","ping_status":"closed","sticky":false,"template":"","format":"standard","meta":{"_bbp_topic_count":0,"_bbp_reply_count":0,"_bbp_total_topic_count":0,"_bbp_total_reply_count":0,"_bbp_voice_count":0,"_bbp_anonymous_reply_count":0,"_bbp_topic_count_hidden":0,"_bbp_reply_count_hidden":0,"_bbp_forum_subforum_count":0,"footnotes":""},"categories":[9,4],"tags":[156,151],"class_list":["post-1902","post","type-post","status-publish","format-standard","hentry","category-i5","category-portada","tag-caga-tio","tag-p-5"],"post_mailing_queue_ids":[],"_links":{"self":[{"href":"https:\/\/agora.xtec.cat\/ceip-joan-coret\/wp-json\/wp\/v2\/posts\/1902","targetHints":{"allow":["GET"]}}],"collection":[{"href":"https:\/\/agora.xtec.cat\/ceip-joan-coret\/wp-json\/wp\/v2\/posts"}],"about":[{"href":"https:\/\/agora.xtec.cat\/ceip-joan-coret\/wp-json\/wp\/v2\/types\/post"}],"author":[{"embeddable":true,"href":"https:\/\/agora.xtec.cat\/ceip-joan-coret\/wp-json\/wp\/v2\/users\/3"}],"replies":[{"embeddable":true,"href":"https:\/\/agora.xtec.cat\/ceip-joan-coret\/wp-json\/wp\/v2\/comments?post=1902"}],"version-history":[{"count":2,"href":"https:\/\/agora.xtec.cat\/ceip-joan-coret\/wp-json\/wp\/v2\/posts\/1902\/revisions"}],"predecessor-version":[{"id":1904,"href":"https:\/\/agora.xtec.cat\/ceip-joan-coret\/wp-json\/wp\/v2\/posts\/1902\/revisions\/1904"}],"wp:attachment":[{"href":"https:\/\/agora.xtec.cat\/ceip-joan-coret\/wp-json\/wp\/v2\/media?parent=1902"}],"wp:term":[{"taxonomy":"category","embeddable":true,"href":"https:\/\/agora.xtec.cat\/ceip-joan-coret\/wp-json\/wp\/v2\/categories?post=1902"},{"taxonomy":"post_tag","embeddable":true,"href":"https:\/\/agora.xtec.cat\/ceip-joan-coret\/wp-json\/wp\/v2\/tags?post=1902"}],"curies":[{"name":"wp","href":"https:\/\/api.w.org\/{rel}","templated":true}]}}