{"id":1861,"date":"2019-02-11T13:44:59","date_gmt":"2019-02-11T12:44:59","guid":{"rendered":"http:\/\/agora.xtec.cat\/ceip-joan-coret\/?p=1861"},"modified":"2019-02-11T13:44:59","modified_gmt":"2019-02-11T12:44:59","slug":"audicio-lhivern-p-3","status":"publish","type":"post","link":"https:\/\/agora.xtec.cat\/ceip-joan-coret\/infantil\/i3\/audicio-lhivern-p-3\/","title":{"rendered":"Audici\u00f3 l&#8217;hivern P-3"},"content":{"rendered":"<p>L&#8217;altre dia vam fer l&#8217;Audici\u00f3 de l&#8217;Hivern&#8230; Aqu\u00ed podeu veure les fotos que ens vam fer:<\/p>\n<p><a href=\"https:\/\/photos.app.goo.gl\/E3GKJamjuEUVpgXG9\" target=\"_blank\" rel=\"noopener\">https:\/\/photos.app.goo.gl\/E3GKJamjuEUVpgXG9<\/a><\/p>\n","protected":false},"excerpt":{"rendered":"<p>L&#8217;altre dia vam fer l&#8217;Audici\u00f3 de l&#8217;Hivern&#8230; Aqu\u00ed podeu veure les fotos que ens vam fer:<br \/>\n<a href=\"https:\/\/photos.app.goo.gl\/E3GKJamjuEUVpgXG9\" target=\"_blank\" rel=\"noopener\">https:\/\/photos.app.goo.gl\/E3GKJamjuEUVpgXG9<\/a><\/p>\n","protected":false},"author":3,"featured_media":0,"comment_status":"open","ping_status":"closed","sticky":false,"template":"","format":"standard","meta":{"_bbp_topic_count":0,"_bbp_reply_count":0,"_bbp_total_topic_count":0,"_bbp_total_reply_count":0,"_bbp_voice_count":0,"_bbp_anonymous_reply_count":0,"_bbp_topic_count_hidden":0,"_bbp_reply_count_hidden":0,"_bbp_forum_subforum_count":0,"footnotes":""},"categories":[3,4],"tags":[191,185],"class_list":["post-1861","post","type-post","status-publish","format-standard","hentry","category-i3","category-portada","tag-hivern","tag-p-3"],"post_mailing_queue_ids":[],"_links":{"self":[{"href":"https:\/\/agora.xtec.cat\/ceip-joan-coret\/wp-json\/wp\/v2\/posts\/1861","targetHints":{"allow":["GET"]}}],"collection":[{"href":"https:\/\/agora.xtec.cat\/ceip-joan-coret\/wp-json\/wp\/v2\/posts"}],"about":[{"href":"https:\/\/agora.xtec.cat\/ceip-joan-coret\/wp-json\/wp\/v2\/types\/post"}],"author":[{"embeddable":true,"href":"https:\/\/agora.xtec.cat\/ceip-joan-coret\/wp-json\/wp\/v2\/users\/3"}],"replies":[{"embeddable":true,"href":"https:\/\/agora.xtec.cat\/ceip-joan-coret\/wp-json\/wp\/v2\/comments?post=1861"}],"version-history":[{"count":1,"href":"https:\/\/agora.xtec.cat\/ceip-joan-coret\/wp-json\/wp\/v2\/posts\/1861\/revisions"}],"predecessor-version":[{"id":1862,"href":"https:\/\/agora.xtec.cat\/ceip-joan-coret\/wp-json\/wp\/v2\/posts\/1861\/revisions\/1862"}],"wp:attachment":[{"href":"https:\/\/agora.xtec.cat\/ceip-joan-coret\/wp-json\/wp\/v2\/media?parent=1861"}],"wp:term":[{"taxonomy":"category","embeddable":true,"href":"https:\/\/agora.xtec.cat\/ceip-joan-coret\/wp-json\/wp\/v2\/categories?post=1861"},{"taxonomy":"post_tag","embeddable":true,"href":"https:\/\/agora.xtec.cat\/ceip-joan-coret\/wp-json\/wp\/v2\/tags?post=1861"}],"curies":[{"name":"wp","href":"https:\/\/api.w.org\/{rel}","templated":true}]}}