{"id":1855,"date":"2019-02-11T13:28:47","date_gmt":"2019-02-11T12:28:47","guid":{"rendered":"http:\/\/agora.xtec.cat\/ceip-joan-coret\/?p=1855"},"modified":"2019-02-11T13:28:47","modified_gmt":"2019-02-11T12:28:47","slug":"arriba-el-tio-p-3","status":"publish","type":"post","link":"https:\/\/agora.xtec.cat\/ceip-joan-coret\/infantil\/i3\/arriba-el-tio-p-3\/","title":{"rendered":"Arriba el Ti\u00f3 P-3"},"content":{"rendered":"<p>A P-3 hem trobat el Ti\u00f3 per a poder anar-lo alimentant i que ens cagui molts regals per Nadal. Aqu\u00ed teniu les fotos:<\/p>\n<p><a href=\"https:\/\/photos.app.goo.gl\/Jk3XBdhcyor6UXdE7\" target=\"_blank\" rel=\"noopener\">https:\/\/photos.app.goo.gl\/Jk3XBdhcyor6UXdE7<\/a><\/p>\n","protected":false},"excerpt":{"rendered":"<p>A P-3 hem trobat el Ti\u00f3 per a poder anar-lo alimentant i que ens cagui molts regals per Nadal. Aqu\u00ed teniu les fotos:<br \/>\n<a href=\"https:\/\/photos.app.goo.gl\/Jk3XBdhcyor6UXdE7\" target=\"_blank\" rel=\"noopener\">https:\/\/photos.app.goo.gl\/Jk3XBdhcyor6UXdE7<\/a><\/p>\n","protected":false},"author":3,"featured_media":0,"comment_status":"open","ping_status":"closed","sticky":false,"template":"","format":"standard","meta":{"_bbp_topic_count":0,"_bbp_reply_count":0,"_bbp_total_topic_count":0,"_bbp_total_reply_count":0,"_bbp_voice_count":0,"_bbp_anonymous_reply_count":0,"_bbp_topic_count_hidden":0,"_bbp_reply_count_hidden":0,"_bbp_forum_subforum_count":0,"footnotes":""},"categories":[3,4],"tags":[156,185],"class_list":["post-1855","post","type-post","status-publish","format-standard","hentry","category-i3","category-portada","tag-caga-tio","tag-p-3"],"post_mailing_queue_ids":[],"_links":{"self":[{"href":"https:\/\/agora.xtec.cat\/ceip-joan-coret\/wp-json\/wp\/v2\/posts\/1855","targetHints":{"allow":["GET"]}}],"collection":[{"href":"https:\/\/agora.xtec.cat\/ceip-joan-coret\/wp-json\/wp\/v2\/posts"}],"about":[{"href":"https:\/\/agora.xtec.cat\/ceip-joan-coret\/wp-json\/wp\/v2\/types\/post"}],"author":[{"embeddable":true,"href":"https:\/\/agora.xtec.cat\/ceip-joan-coret\/wp-json\/wp\/v2\/users\/3"}],"replies":[{"embeddable":true,"href":"https:\/\/agora.xtec.cat\/ceip-joan-coret\/wp-json\/wp\/v2\/comments?post=1855"}],"version-history":[{"count":1,"href":"https:\/\/agora.xtec.cat\/ceip-joan-coret\/wp-json\/wp\/v2\/posts\/1855\/revisions"}],"predecessor-version":[{"id":1856,"href":"https:\/\/agora.xtec.cat\/ceip-joan-coret\/wp-json\/wp\/v2\/posts\/1855\/revisions\/1856"}],"wp:attachment":[{"href":"https:\/\/agora.xtec.cat\/ceip-joan-coret\/wp-json\/wp\/v2\/media?parent=1855"}],"wp:term":[{"taxonomy":"category","embeddable":true,"href":"https:\/\/agora.xtec.cat\/ceip-joan-coret\/wp-json\/wp\/v2\/categories?post=1855"},{"taxonomy":"post_tag","embeddable":true,"href":"https:\/\/agora.xtec.cat\/ceip-joan-coret\/wp-json\/wp\/v2\/tags?post=1855"}],"curies":[{"name":"wp","href":"https:\/\/api.w.org\/{rel}","templated":true}]}}