{"id":1841,"date":"2019-02-11T12:50:29","date_gmt":"2019-02-11T11:50:29","guid":{"rendered":"http:\/\/agora.xtec.cat\/ceip-joan-coret\/?p=1841"},"modified":"2019-02-11T13:01:33","modified_gmt":"2019-02-11T12:01:33","slug":"adaptacio-p-3","status":"publish","type":"post","link":"https:\/\/agora.xtec.cat\/ceip-joan-coret\/infantil\/i3\/adaptacio-p-3\/","title":{"rendered":"Adaptaci\u00f3 P-3"},"content":{"rendered":"<p>Aqu\u00ed tenim algunes fotos del per\u00edode d&#8217;adaptaci\u00f3 dels nens i les nenes de P-3. Va estar una experi\u00e8ncia molt agradable tant per l&#8217;alumnat com per a les professores.<\/p>\n<p><a href=\"https:\/\/photos.app.goo.gl\/2gJa46xeyKFBDzR78\" target=\"_blank\" rel=\"noopener\">https:\/\/photos.app.goo.gl\/2gJa46xeyKFBDzR78<\/a><\/p>\n","protected":false},"excerpt":{"rendered":"<p>Aqu\u00ed tenim algunes fotos del per\u00edode d&#8217;adaptaci\u00f3 dels nens i les nenes de P-3. Va estar una experi\u00e8ncia molt agradable tant per l&#8217;alumnat com per a les professores.<br \/>\n<a href=\"https:\/\/photos.app.goo.gl\/2gJa46xeyKFBDzR78\" target=\"_blank\" rel=\"noopener\">https:\/\/photos.app.goo.gl\/2gJa46xeyKFBDzR78<\/a><\/p>\n","protected":false},"author":3,"featured_media":0,"comment_status":"open","ping_status":"closed","sticky":false,"template":"","format":"standard","meta":{"_bbp_topic_count":0,"_bbp_reply_count":0,"_bbp_total_topic_count":0,"_bbp_total_reply_count":0,"_bbp_voice_count":0,"_bbp_anonymous_reply_count":0,"_bbp_topic_count_hidden":0,"_bbp_reply_count_hidden":0,"_bbp_forum_subforum_count":0,"footnotes":""},"categories":[3,4],"tags":[186,185],"class_list":["post-1841","post","type-post","status-publish","format-standard","hentry","category-i3","category-portada","tag-adaptacio","tag-p-3"],"post_mailing_queue_ids":[],"_links":{"self":[{"href":"https:\/\/agora.xtec.cat\/ceip-joan-coret\/wp-json\/wp\/v2\/posts\/1841","targetHints":{"allow":["GET"]}}],"collection":[{"href":"https:\/\/agora.xtec.cat\/ceip-joan-coret\/wp-json\/wp\/v2\/posts"}],"about":[{"href":"https:\/\/agora.xtec.cat\/ceip-joan-coret\/wp-json\/wp\/v2\/types\/post"}],"author":[{"embeddable":true,"href":"https:\/\/agora.xtec.cat\/ceip-joan-coret\/wp-json\/wp\/v2\/users\/3"}],"replies":[{"embeddable":true,"href":"https:\/\/agora.xtec.cat\/ceip-joan-coret\/wp-json\/wp\/v2\/comments?post=1841"}],"version-history":[{"count":1,"href":"https:\/\/agora.xtec.cat\/ceip-joan-coret\/wp-json\/wp\/v2\/posts\/1841\/revisions"}],"predecessor-version":[{"id":1842,"href":"https:\/\/agora.xtec.cat\/ceip-joan-coret\/wp-json\/wp\/v2\/posts\/1841\/revisions\/1842"}],"wp:attachment":[{"href":"https:\/\/agora.xtec.cat\/ceip-joan-coret\/wp-json\/wp\/v2\/media?parent=1841"}],"wp:term":[{"taxonomy":"category","embeddable":true,"href":"https:\/\/agora.xtec.cat\/ceip-joan-coret\/wp-json\/wp\/v2\/categories?post=1841"},{"taxonomy":"post_tag","embeddable":true,"href":"https:\/\/agora.xtec.cat\/ceip-joan-coret\/wp-json\/wp\/v2\/tags?post=1841"}],"curies":[{"name":"wp","href":"https:\/\/api.w.org\/{rel}","templated":true}]}}