{"id":1803,"date":"2019-01-21T15:28:27","date_gmt":"2019-01-21T14:28:27","guid":{"rendered":"http:\/\/agora.xtec.cat\/ceip-joan-coret\/?p=1803"},"modified":"2019-01-21T15:28:27","modified_gmt":"2019-01-21T14:28:27","slug":"padrins-lectors-2n-i-6e","status":"publish","type":"post","link":"https:\/\/agora.xtec.cat\/ceip-joan-coret\/portada\/padrins-lectors-2n-i-6e\/","title":{"rendered":"Padrins lectors 2n i 6\u00e8"},"content":{"rendered":"<p>Ja hem comen\u00e7at els padrins lectors i aqu\u00ed tenim algunes fotos dels cursos 2n i 6\u00e8.<\/p>\n<p><a href=\"https:\/\/photos.app.goo.gl\/3kryrjF65jsmnyhz9\" target=\"_blank\" rel=\"noopener\">https:\/\/photos.app.goo.gl\/3kryrjF65jsmnyhz9<\/a><\/p>\n","protected":false},"excerpt":{"rendered":"<p>Ja hem comen\u00e7at els padrins lectors i aqu\u00ed tenim algunes fotos dels cursos 2n i 6\u00e8.<br \/>\n<a href=\"https:\/\/photos.app.goo.gl\/3kryrjF65jsmnyhz9\" target=\"_blank\" rel=\"noopener\">https:\/\/photos.app.goo.gl\/3kryrjF65jsmnyhz9<\/a><\/p>\n","protected":false},"author":3,"featured_media":0,"comment_status":"open","ping_status":"closed","sticky":false,"template":"","format":"standard","meta":{"_bbp_topic_count":0,"_bbp_reply_count":0,"_bbp_total_topic_count":0,"_bbp_total_reply_count":0,"_bbp_voice_count":0,"_bbp_anonymous_reply_count":0,"_bbp_topic_count_hidden":0,"_bbp_reply_count_hidden":0,"_bbp_forum_subforum_count":0,"footnotes":""},"categories":[11,15,4],"tags":[94,65,109],"class_list":["post-1803","post","type-post","status-publish","format-standard","hentry","category-2n","category-6e","category-portada","tag-2n","tag-6e","tag-padrins-lectors"],"post_mailing_queue_ids":[],"_links":{"self":[{"href":"https:\/\/agora.xtec.cat\/ceip-joan-coret\/wp-json\/wp\/v2\/posts\/1803","targetHints":{"allow":["GET"]}}],"collection":[{"href":"https:\/\/agora.xtec.cat\/ceip-joan-coret\/wp-json\/wp\/v2\/posts"}],"about":[{"href":"https:\/\/agora.xtec.cat\/ceip-joan-coret\/wp-json\/wp\/v2\/types\/post"}],"author":[{"embeddable":true,"href":"https:\/\/agora.xtec.cat\/ceip-joan-coret\/wp-json\/wp\/v2\/users\/3"}],"replies":[{"embeddable":true,"href":"https:\/\/agora.xtec.cat\/ceip-joan-coret\/wp-json\/wp\/v2\/comments?post=1803"}],"version-history":[{"count":1,"href":"https:\/\/agora.xtec.cat\/ceip-joan-coret\/wp-json\/wp\/v2\/posts\/1803\/revisions"}],"predecessor-version":[{"id":1804,"href":"https:\/\/agora.xtec.cat\/ceip-joan-coret\/wp-json\/wp\/v2\/posts\/1803\/revisions\/1804"}],"wp:attachment":[{"href":"https:\/\/agora.xtec.cat\/ceip-joan-coret\/wp-json\/wp\/v2\/media?parent=1803"}],"wp:term":[{"taxonomy":"category","embeddable":true,"href":"https:\/\/agora.xtec.cat\/ceip-joan-coret\/wp-json\/wp\/v2\/categories?post=1803"},{"taxonomy":"post_tag","embeddable":true,"href":"https:\/\/agora.xtec.cat\/ceip-joan-coret\/wp-json\/wp\/v2\/tags?post=1803"}],"curies":[{"name":"wp","href":"https:\/\/api.w.org\/{rel}","templated":true}]}}