{"id":1801,"date":"2019-01-18T13:30:57","date_gmt":"2019-01-18T12:30:57","guid":{"rendered":"http:\/\/agora.xtec.cat\/ceip-joan-coret\/?p=1801"},"modified":"2019-01-18T13:30:57","modified_gmt":"2019-01-18T12:30:57","slug":"fem-macedonia-1r-b","status":"publish","type":"post","link":"https:\/\/agora.xtec.cat\/ceip-joan-coret\/portada\/fem-macedonia-1r-b\/","title":{"rendered":"Fem Maced\u00f2nia 1r B"},"content":{"rendered":"<p>Els nens i les nenes de 1r B van convertir-se en uns super-xefs de cuina i van fer una maced\u00f2nia que estava per a llepar-se els dits. No la podeu tastar per\u00f2 s\u00ed que podeu veure les fotos:<\/p>\n<p><a href=\"https:\/\/photos.app.goo.gl\/xsTbPPUK65FN9MZR9\" target=\"_blank\" rel=\"noopener\">https:\/\/photos.app.goo.gl\/xsTbPPUK65FN9MZR9<\/a><\/p>\n","protected":false},"excerpt":{"rendered":"<p>Els nens i les nenes de 1r B van convertir-se en uns super-xefs de cuina i van fer una maced\u00f2nia que estava per a llepar-se els dits. No la podeu tastar per\u00f2 s\u00ed que podeu veure les fotos:<br \/>\n<a href=\"https:\/\/photos.app.goo.gl\/xsTbPPUK65FN9MZR9\" target=\"_blank\" rel=\"noopener\">https:\/\/photos.app.goo.gl\/xsTbPPUK65FN9MZR9<\/a><\/p>\n","protected":false},"author":3,"featured_media":0,"comment_status":"open","ping_status":"closed","sticky":false,"template":"","format":"standard","meta":{"_bbp_topic_count":0,"_bbp_reply_count":0,"_bbp_total_topic_count":0,"_bbp_total_reply_count":0,"_bbp_voice_count":0,"_bbp_anonymous_reply_count":0,"_bbp_topic_count_hidden":0,"_bbp_reply_count_hidden":0,"_bbp_forum_subforum_count":0,"footnotes":""},"categories":[10,4],"tags":[93,181],"class_list":["post-1801","post","type-post","status-publish","format-standard","hentry","category-1r","category-portada","tag-1r","tag-fem-macedonia"],"post_mailing_queue_ids":[],"_links":{"self":[{"href":"https:\/\/agora.xtec.cat\/ceip-joan-coret\/wp-json\/wp\/v2\/posts\/1801","targetHints":{"allow":["GET"]}}],"collection":[{"href":"https:\/\/agora.xtec.cat\/ceip-joan-coret\/wp-json\/wp\/v2\/posts"}],"about":[{"href":"https:\/\/agora.xtec.cat\/ceip-joan-coret\/wp-json\/wp\/v2\/types\/post"}],"author":[{"embeddable":true,"href":"https:\/\/agora.xtec.cat\/ceip-joan-coret\/wp-json\/wp\/v2\/users\/3"}],"replies":[{"embeddable":true,"href":"https:\/\/agora.xtec.cat\/ceip-joan-coret\/wp-json\/wp\/v2\/comments?post=1801"}],"version-history":[{"count":1,"href":"https:\/\/agora.xtec.cat\/ceip-joan-coret\/wp-json\/wp\/v2\/posts\/1801\/revisions"}],"predecessor-version":[{"id":1802,"href":"https:\/\/agora.xtec.cat\/ceip-joan-coret\/wp-json\/wp\/v2\/posts\/1801\/revisions\/1802"}],"wp:attachment":[{"href":"https:\/\/agora.xtec.cat\/ceip-joan-coret\/wp-json\/wp\/v2\/media?parent=1801"}],"wp:term":[{"taxonomy":"category","embeddable":true,"href":"https:\/\/agora.xtec.cat\/ceip-joan-coret\/wp-json\/wp\/v2\/categories?post=1801"},{"taxonomy":"post_tag","embeddable":true,"href":"https:\/\/agora.xtec.cat\/ceip-joan-coret\/wp-json\/wp\/v2\/tags?post=1801"}],"curies":[{"name":"wp","href":"https:\/\/api.w.org\/{rel}","templated":true}]}}