{"id":1795,"date":"2019-01-17T10:07:42","date_gmt":"2019-01-17T09:07:42","guid":{"rendered":"http:\/\/agora.xtec.cat\/ceip-joan-coret\/?p=1795"},"modified":"2019-01-17T10:07:42","modified_gmt":"2019-01-17T09:07:42","slug":"guardia-urbana-4t-2","status":"publish","type":"post","link":"https:\/\/agora.xtec.cat\/ceip-joan-coret\/portada\/guardia-urbana-4t-2\/","title":{"rendered":"Gu\u00e0rdia Urbana 4t"},"content":{"rendered":"<p>La Gu\u00e0rdia Urbana de Badalona va venir a fer-nos una xerrada a les classes de 4rt de l&#8217;escola. Vam aprendre molt i ens ho vam passar d&#8217;all\u00f2 m\u00e9s b\u00e9.<\/p>\n<p><a href=\"https:\/\/photos.app.goo.gl\/iPBujJ1bQZ4VutAc7\" target=\"_blank\" rel=\"noopener\">https:\/\/photos.app.goo.gl\/iPBujJ1bQZ4VutAc7<\/a><\/p>\n","protected":false},"excerpt":{"rendered":"<p>La Gu\u00e0rdia Urbana de Badalona va venir a fer-nos una xerrada a les classes de 4rt de l&#8217;escola. Vam aprendre molt i ens ho vam passar d&#8217;all\u00f2 m\u00e9s b\u00e9.<br \/>\n<a href=\"https:\/\/photos.app.goo.gl\/iPBujJ1bQZ4VutAc7\" target=\"_blank\" rel=\"noopener\">https:\/\/photos.app.goo.gl\/iPBujJ1bQZ4VutAc7<\/a><\/p>\n","protected":false},"author":3,"featured_media":0,"comment_status":"open","ping_status":"closed","sticky":false,"template":"","format":"standard","meta":{"_bbp_topic_count":0,"_bbp_reply_count":0,"_bbp_total_topic_count":0,"_bbp_total_reply_count":0,"_bbp_voice_count":0,"_bbp_anonymous_reply_count":0,"_bbp_topic_count_hidden":0,"_bbp_reply_count_hidden":0,"_bbp_forum_subforum_count":0,"footnotes":""},"categories":[13,4],"tags":[92,106],"class_list":["post-1795","post","type-post","status-publish","format-standard","hentry","category-4t","category-portada","tag-4rt","tag-guardia-urbana"],"post_mailing_queue_ids":[],"_links":{"self":[{"href":"https:\/\/agora.xtec.cat\/ceip-joan-coret\/wp-json\/wp\/v2\/posts\/1795","targetHints":{"allow":["GET"]}}],"collection":[{"href":"https:\/\/agora.xtec.cat\/ceip-joan-coret\/wp-json\/wp\/v2\/posts"}],"about":[{"href":"https:\/\/agora.xtec.cat\/ceip-joan-coret\/wp-json\/wp\/v2\/types\/post"}],"author":[{"embeddable":true,"href":"https:\/\/agora.xtec.cat\/ceip-joan-coret\/wp-json\/wp\/v2\/users\/3"}],"replies":[{"embeddable":true,"href":"https:\/\/agora.xtec.cat\/ceip-joan-coret\/wp-json\/wp\/v2\/comments?post=1795"}],"version-history":[{"count":1,"href":"https:\/\/agora.xtec.cat\/ceip-joan-coret\/wp-json\/wp\/v2\/posts\/1795\/revisions"}],"predecessor-version":[{"id":1796,"href":"https:\/\/agora.xtec.cat\/ceip-joan-coret\/wp-json\/wp\/v2\/posts\/1795\/revisions\/1796"}],"wp:attachment":[{"href":"https:\/\/agora.xtec.cat\/ceip-joan-coret\/wp-json\/wp\/v2\/media?parent=1795"}],"wp:term":[{"taxonomy":"category","embeddable":true,"href":"https:\/\/agora.xtec.cat\/ceip-joan-coret\/wp-json\/wp\/v2\/categories?post=1795"},{"taxonomy":"post_tag","embeddable":true,"href":"https:\/\/agora.xtec.cat\/ceip-joan-coret\/wp-json\/wp\/v2\/tags?post=1795"}],"curies":[{"name":"wp","href":"https:\/\/api.w.org\/{rel}","templated":true}]}}