{"id":1777,"date":"2018-12-20T10:09:47","date_gmt":"2018-12-20T09:09:47","guid":{"rendered":"http:\/\/agora.xtec.cat\/ceip-joan-coret\/?p=1777"},"modified":"2018-12-20T10:09:47","modified_gmt":"2018-12-20T09:09:47","slug":"sortida-tardor-cicle-mitja-2018","status":"publish","type":"post","link":"https:\/\/agora.xtec.cat\/ceip-joan-coret\/portada\/sortida-tardor-cicle-mitja-2018\/","title":{"rendered":"Sortida Tardor Cicle Mitj\u00e0 2018"},"content":{"rendered":"<p>Aqu\u00ed tenim les fotos de la sortida de Tardor a Can Sala de Cicle Mitj\u00e0:<\/p>\n<p><a href=\"https:\/\/photos.app.goo.gl\/J8Akcg1WSAbTXVPCA\" target=\"_blank\" rel=\"noopener\">https:\/\/photos.app.goo.gl\/J8Akcg1WSAbTXVPCA<\/a><\/p>\n","protected":false},"excerpt":{"rendered":"<p>Aqu\u00ed tenim les fotos de la sortida de Tardor a Can Sala de Cicle Mitj\u00e0:<br \/>\n<a href=\"https:\/\/photos.app.goo.gl\/J8Akcg1WSAbTXVPCA\" target=\"_blank\" rel=\"noopener\">https:\/\/photos.app.goo.gl\/J8Akcg1WSAbTXVPCA<\/a><\/p>\n","protected":false},"author":3,"featured_media":0,"comment_status":"open","ping_status":"closed","sticky":false,"template":"","format":"standard","meta":{"_bbp_topic_count":0,"_bbp_reply_count":0,"_bbp_total_topic_count":0,"_bbp_total_reply_count":0,"_bbp_voice_count":0,"_bbp_anonymous_reply_count":0,"_bbp_topic_count_hidden":0,"_bbp_reply_count_hidden":0,"_bbp_forum_subforum_count":0,"footnotes":""},"categories":[12,13,4],"tags":[72,97,176],"class_list":["post-1777","post","type-post","status-publish","format-standard","hentry","category-3r","category-4t","category-portada","tag-3r","tag-4t","tag-cicle-mitja"],"post_mailing_queue_ids":[],"_links":{"self":[{"href":"https:\/\/agora.xtec.cat\/ceip-joan-coret\/wp-json\/wp\/v2\/posts\/1777","targetHints":{"allow":["GET"]}}],"collection":[{"href":"https:\/\/agora.xtec.cat\/ceip-joan-coret\/wp-json\/wp\/v2\/posts"}],"about":[{"href":"https:\/\/agora.xtec.cat\/ceip-joan-coret\/wp-json\/wp\/v2\/types\/post"}],"author":[{"embeddable":true,"href":"https:\/\/agora.xtec.cat\/ceip-joan-coret\/wp-json\/wp\/v2\/users\/3"}],"replies":[{"embeddable":true,"href":"https:\/\/agora.xtec.cat\/ceip-joan-coret\/wp-json\/wp\/v2\/comments?post=1777"}],"version-history":[{"count":1,"href":"https:\/\/agora.xtec.cat\/ceip-joan-coret\/wp-json\/wp\/v2\/posts\/1777\/revisions"}],"predecessor-version":[{"id":1778,"href":"https:\/\/agora.xtec.cat\/ceip-joan-coret\/wp-json\/wp\/v2\/posts\/1777\/revisions\/1778"}],"wp:attachment":[{"href":"https:\/\/agora.xtec.cat\/ceip-joan-coret\/wp-json\/wp\/v2\/media?parent=1777"}],"wp:term":[{"taxonomy":"category","embeddable":true,"href":"https:\/\/agora.xtec.cat\/ceip-joan-coret\/wp-json\/wp\/v2\/categories?post=1777"},{"taxonomy":"post_tag","embeddable":true,"href":"https:\/\/agora.xtec.cat\/ceip-joan-coret\/wp-json\/wp\/v2\/tags?post=1777"}],"curies":[{"name":"wp","href":"https:\/\/api.w.org\/{rel}","templated":true}]}}