{"id":1772,"date":"2018-12-20T09:50:04","date_gmt":"2018-12-20T08:50:04","guid":{"rendered":"http:\/\/agora.xtec.cat\/ceip-joan-coret\/?p=1772"},"modified":"2018-12-20T10:03:13","modified_gmt":"2018-12-20T09:03:13","slug":"sortida-de-tardor-el-bosc-vertical","status":"publish","type":"post","link":"https:\/\/agora.xtec.cat\/ceip-joan-coret\/general\/sortida-de-tardor-el-bosc-vertical\/","title":{"rendered":"Sortida de tardor: el bosc vertical"},"content":{"rendered":"<p>El passat dia 16 de Novembre, els nens i nenes de 5\u00e8 i 6\u00e8 vam anar d&#8217;excursi\u00f3 al Bosc Vertical de Matar\u00f3. All\u00e0 vam poder fer diferents circuits de ponts i tirolines i vam gaudir d&#8217;un dinar col\u00b7lectiu.<\/p>\n<p>En general ens ho vam passar molt b\u00e9.<\/p>\n<p>Aqu\u00ed us deixem algunes fotos que vam fer.<\/p>\n<p><a href=\"https:\/\/photos.app.goo.gl\/zMkXeWCX23BXjoyQ9\" target=\"_blank\" rel=\"noopener\">https:\/\/photos.app.goo.gl\/zMkXeWCX23BXjoyQ9<\/a><\/p>\n","protected":false},"excerpt":{"rendered":"<p>El passat dia 16 de Novembre, els nens i nenes de 5\u00e8 i 6\u00e8 vam anar d&#8217;excursi\u00f3 al Bosc Vertical de Matar\u00f3. All\u00e0 vam poder fer diferents circuits de ponts i tirolines i vam gaudir d&#8217;un dinar col\u00b7lectiu.<br \/>\nEn general ens ho vam passar molt b\u00e9.<br \/>\nAqu\u00ed&hellip;  <a href=\"https:\/\/agora.xtec.cat\/ceip-joan-coret\/general\/sortida-de-tardor-el-bosc-vertical\/\" title=\"Read Sortida de tardor: el bosc vertical\">Llegeix m\u00e9s\u00bb<\/a><\/p>\n","protected":false},"author":2,"featured_media":0,"comment_status":"open","ping_status":"closed","sticky":false,"template":"","format":"standard","meta":{"_bbp_topic_count":0,"_bbp_reply_count":0,"_bbp_total_topic_count":0,"_bbp_total_reply_count":0,"_bbp_voice_count":0,"_bbp_anonymous_reply_count":0,"_bbp_topic_count_hidden":0,"_bbp_reply_count_hidden":0,"_bbp_forum_subforum_count":0,"footnotes":""},"categories":[14,15,1,4],"tags":[68,65,175],"class_list":["post-1772","post","type-post","status-publish","format-standard","hentry","category-5e","category-6e","category-general","category-portada","tag-5e","tag-6e","tag-cicle-superior"],"post_mailing_queue_ids":[],"_links":{"self":[{"href":"https:\/\/agora.xtec.cat\/ceip-joan-coret\/wp-json\/wp\/v2\/posts\/1772","targetHints":{"allow":["GET"]}}],"collection":[{"href":"https:\/\/agora.xtec.cat\/ceip-joan-coret\/wp-json\/wp\/v2\/posts"}],"about":[{"href":"https:\/\/agora.xtec.cat\/ceip-joan-coret\/wp-json\/wp\/v2\/types\/post"}],"author":[{"embeddable":true,"href":"https:\/\/agora.xtec.cat\/ceip-joan-coret\/wp-json\/wp\/v2\/users\/2"}],"replies":[{"embeddable":true,"href":"https:\/\/agora.xtec.cat\/ceip-joan-coret\/wp-json\/wp\/v2\/comments?post=1772"}],"version-history":[{"count":2,"href":"https:\/\/agora.xtec.cat\/ceip-joan-coret\/wp-json\/wp\/v2\/posts\/1772\/revisions"}],"predecessor-version":[{"id":1775,"href":"https:\/\/agora.xtec.cat\/ceip-joan-coret\/wp-json\/wp\/v2\/posts\/1772\/revisions\/1775"}],"wp:attachment":[{"href":"https:\/\/agora.xtec.cat\/ceip-joan-coret\/wp-json\/wp\/v2\/media?parent=1772"}],"wp:term":[{"taxonomy":"category","embeddable":true,"href":"https:\/\/agora.xtec.cat\/ceip-joan-coret\/wp-json\/wp\/v2\/categories?post=1772"},{"taxonomy":"post_tag","embeddable":true,"href":"https:\/\/agora.xtec.cat\/ceip-joan-coret\/wp-json\/wp\/v2\/tags?post=1772"}],"curies":[{"name":"wp","href":"https:\/\/api.w.org\/{rel}","templated":true}]}}