{"id":1698,"date":"2018-11-20T16:03:36","date_gmt":"2018-11-20T15:03:36","guid":{"rendered":"http:\/\/agora.xtec.cat\/ceip-joan-coret\/?p=1698"},"modified":"2018-11-20T16:03:36","modified_gmt":"2018-11-20T15:03:36","slug":"decoracio-passadis-cicle-inicial","status":"publish","type":"post","link":"https:\/\/agora.xtec.cat\/ceip-joan-coret\/portada\/decoracio-passadis-cicle-inicial\/","title":{"rendered":"Decoraci\u00f3 passad\u00eds cicle Inicial"},"content":{"rendered":"<p>Si us esteu preguntant com hem decorat el passad\u00eds al Cicle Inicial, aqu\u00ed ho podeu veure:<\/p>\n<p><a href=\"https:\/\/photos.app.goo.gl\/J2awS7Pyz4VLaEN46\" target=\"_blank\" rel=\"noopener\">https:\/\/photos.app.goo.gl\/J2awS7Pyz4VLaEN46<\/a><\/p>\n","protected":false},"excerpt":{"rendered":"<p>Si us esteu preguntant com hem decorat el passad\u00eds al Cicle Inicial, aqu\u00ed ho podeu veure:<br \/>\n<a href=\"https:\/\/photos.app.goo.gl\/J2awS7Pyz4VLaEN46\" target=\"_blank\" rel=\"noopener\">https:\/\/photos.app.goo.gl\/J2awS7Pyz4VLaEN46<\/a><\/p>\n","protected":false},"author":3,"featured_media":0,"comment_status":"open","ping_status":"closed","sticky":false,"template":"","format":"standard","meta":{"_bbp_topic_count":0,"_bbp_reply_count":0,"_bbp_total_topic_count":0,"_bbp_total_reply_count":0,"_bbp_voice_count":0,"_bbp_anonymous_reply_count":0,"_bbp_topic_count_hidden":0,"_bbp_reply_count_hidden":0,"_bbp_forum_subforum_count":0,"footnotes":""},"categories":[10,11,4],"tags":[168,169],"class_list":["post-1698","post","type-post","status-publish","format-standard","hentry","category-1r","category-2n","category-portada","tag-cicle-inicial","tag-passadis"],"post_mailing_queue_ids":[],"_links":{"self":[{"href":"https:\/\/agora.xtec.cat\/ceip-joan-coret\/wp-json\/wp\/v2\/posts\/1698","targetHints":{"allow":["GET"]}}],"collection":[{"href":"https:\/\/agora.xtec.cat\/ceip-joan-coret\/wp-json\/wp\/v2\/posts"}],"about":[{"href":"https:\/\/agora.xtec.cat\/ceip-joan-coret\/wp-json\/wp\/v2\/types\/post"}],"author":[{"embeddable":true,"href":"https:\/\/agora.xtec.cat\/ceip-joan-coret\/wp-json\/wp\/v2\/users\/3"}],"replies":[{"embeddable":true,"href":"https:\/\/agora.xtec.cat\/ceip-joan-coret\/wp-json\/wp\/v2\/comments?post=1698"}],"version-history":[{"count":1,"href":"https:\/\/agora.xtec.cat\/ceip-joan-coret\/wp-json\/wp\/v2\/posts\/1698\/revisions"}],"predecessor-version":[{"id":1699,"href":"https:\/\/agora.xtec.cat\/ceip-joan-coret\/wp-json\/wp\/v2\/posts\/1698\/revisions\/1699"}],"wp:attachment":[{"href":"https:\/\/agora.xtec.cat\/ceip-joan-coret\/wp-json\/wp\/v2\/media?parent=1698"}],"wp:term":[{"taxonomy":"category","embeddable":true,"href":"https:\/\/agora.xtec.cat\/ceip-joan-coret\/wp-json\/wp\/v2\/categories?post=1698"},{"taxonomy":"post_tag","embeddable":true,"href":"https:\/\/agora.xtec.cat\/ceip-joan-coret\/wp-json\/wp\/v2\/tags?post=1698"}],"curies":[{"name":"wp","href":"https:\/\/api.w.org\/{rel}","templated":true}]}}