{"id":1694,"date":"2018-11-20T15:49:25","date_gmt":"2018-11-20T14:49:25","guid":{"rendered":"http:\/\/agora.xtec.cat\/ceip-joan-coret\/?p=1694"},"modified":"2019-02-28T16:06:33","modified_gmt":"2019-02-28T15:06:33","slug":"cadira-de-rodes-2n","status":"publish","type":"post","link":"https:\/\/agora.xtec.cat\/ceip-joan-coret\/portada\/cadira-de-rodes-2n\/","title":{"rendered":"Cadira de rodes 2n"},"content":{"rendered":"<p>Els nens i nenes de 2n van anar l&#8217;altre dia al Pavell\u00f3 Ol\u00edmpic de Badalona a fer una activitat amb cadira de rodes. Ens van estar ensenyant com bellugar-nos amb una cadira. Va ser molt interessant i ens ho vam passar d&#8217;all\u00f2 m\u00e9s b\u00e9. Aqu\u00ed ens podeu veure en acci\u00f3:<\/p>\n<p><a href=\"https:\/\/photos.app.goo.gl\/Ype5fPrSCu68etVc8\" target=\"_blank\" rel=\"noopener\">https:\/\/photos.app.goo.gl\/Ype5fPrSCu68etVc8<\/a><\/p>\n","protected":false},"excerpt":{"rendered":"<p>Els nens i nenes de 2n van anar l&#8217;altre dia al Pavell\u00f3 Ol\u00edmpic de Badalona a fer una activitat amb cadira de rodes. Ens van estar ensenyant com bellugar-nos amb una cadira. Va ser molt interessant i ens ho vam passar d&#8217;all\u00f2 m\u00e9s b\u00e9. Aqu\u00ed&hellip;  <a href=\"https:\/\/agora.xtec.cat\/ceip-joan-coret\/portada\/cadira-de-rodes-2n\/\" title=\"Read Cadira de rodes 2n\">Llegeix m\u00e9s\u00bb<\/a><\/p>\n","protected":false},"author":3,"featured_media":0,"comment_status":"open","ping_status":"closed","sticky":false,"template":"","format":"standard","meta":{"_bbp_topic_count":0,"_bbp_reply_count":0,"_bbp_total_topic_count":0,"_bbp_total_reply_count":0,"_bbp_voice_count":0,"_bbp_anonymous_reply_count":0,"_bbp_topic_count_hidden":0,"_bbp_reply_count_hidden":0,"_bbp_forum_subforum_count":0,"footnotes":""},"categories":[11,4],"tags":[94],"class_list":["post-1694","post","type-post","status-publish","format-standard","hentry","category-2n","category-portada","tag-2n"],"post_mailing_queue_ids":[],"_links":{"self":[{"href":"https:\/\/agora.xtec.cat\/ceip-joan-coret\/wp-json\/wp\/v2\/posts\/1694","targetHints":{"allow":["GET"]}}],"collection":[{"href":"https:\/\/agora.xtec.cat\/ceip-joan-coret\/wp-json\/wp\/v2\/posts"}],"about":[{"href":"https:\/\/agora.xtec.cat\/ceip-joan-coret\/wp-json\/wp\/v2\/types\/post"}],"author":[{"embeddable":true,"href":"https:\/\/agora.xtec.cat\/ceip-joan-coret\/wp-json\/wp\/v2\/users\/3"}],"replies":[{"embeddable":true,"href":"https:\/\/agora.xtec.cat\/ceip-joan-coret\/wp-json\/wp\/v2\/comments?post=1694"}],"version-history":[{"count":2,"href":"https:\/\/agora.xtec.cat\/ceip-joan-coret\/wp-json\/wp\/v2\/posts\/1694\/revisions"}],"predecessor-version":[{"id":1984,"href":"https:\/\/agora.xtec.cat\/ceip-joan-coret\/wp-json\/wp\/v2\/posts\/1694\/revisions\/1984"}],"wp:attachment":[{"href":"https:\/\/agora.xtec.cat\/ceip-joan-coret\/wp-json\/wp\/v2\/media?parent=1694"}],"wp:term":[{"taxonomy":"category","embeddable":true,"href":"https:\/\/agora.xtec.cat\/ceip-joan-coret\/wp-json\/wp\/v2\/categories?post=1694"},{"taxonomy":"post_tag","embeddable":true,"href":"https:\/\/agora.xtec.cat\/ceip-joan-coret\/wp-json\/wp\/v2\/tags?post=1694"}],"curies":[{"name":"wp","href":"https:\/\/api.w.org\/{rel}","templated":true}]}}