{"id":1692,"date":"2018-11-19T16:23:10","date_gmt":"2018-11-19T15:23:10","guid":{"rendered":"http:\/\/agora.xtec.cat\/ceip-joan-coret\/?p=1692"},"modified":"2018-11-19T16:30:06","modified_gmt":"2018-11-19T15:30:06","slug":"badatletisme-5e-2","status":"publish","type":"post","link":"https:\/\/agora.xtec.cat\/ceip-joan-coret\/portada\/badatletisme-5e-2\/","title":{"rendered":"Badatletisme 5\u00e8"},"content":{"rendered":"<p>Aquest dilluns 19 de novembre, els nens i nenes de 5\u00e8 hem anat a les Pistes d&#8217;Atletisme Paco \u00c1guila de Badalona per a gaudir de l&#8217;activitat del Badatletisme amb altres escoles de la ciutat. Aqu\u00ed teniu les fotos per veure com ho hem fet:<\/p>\n<p><a href=\"https:\/\/photos.app.goo.gl\/cmFsQQww7renq1886\" target=\"_blank\" rel=\"noopener\">https:\/\/photos.app.goo.gl\/cmFsQQww7renq1886<\/a><\/p>\n<p>&nbsp;<\/p>\n<p>&nbsp;<\/p>\n","protected":false},"excerpt":{"rendered":"<p>Aquest dilluns 19 de novembre, els nens i nenes de 5\u00e8 hem anat a les Pistes d&#8217;Atletisme Paco \u00c1guila de Badalona per a gaudir de l&#8217;activitat del Badatletisme amb altres escoles de la ciutat. Aqu\u00ed teniu les fotos per veure com ho hem fet:<br \/>\n<a href=\"https:\/\/photos.app.goo.gl\/cmFsQQww7renq1886\"&hellip;  <a href=\"https:\/\/agora.xtec.cat\/ceip-joan-coret\/portada\/badatletisme-5e-2\/\" title=\"Read Badatletisme 5\u00e8\">Llegeix m\u00e9s\u00bb<\/a><\/p>\n","protected":false},"author":3,"featured_media":0,"comment_status":"open","ping_status":"closed","sticky":false,"template":"","format":"standard","meta":{"_bbp_topic_count":0,"_bbp_reply_count":0,"_bbp_total_topic_count":0,"_bbp_total_reply_count":0,"_bbp_voice_count":0,"_bbp_anonymous_reply_count":0,"_bbp_topic_count_hidden":0,"_bbp_reply_count_hidden":0,"_bbp_forum_subforum_count":0,"footnotes":""},"categories":[14,64,4],"tags":[68,166,66],"class_list":["post-1692","post","type-post","status-publish","format-standard","hentry","category-5e","category-educacio-fisica","category-portada","tag-5e","tag-badatletisme","tag-ed-fisica"],"post_mailing_queue_ids":[],"_links":{"self":[{"href":"https:\/\/agora.xtec.cat\/ceip-joan-coret\/wp-json\/wp\/v2\/posts\/1692","targetHints":{"allow":["GET"]}}],"collection":[{"href":"https:\/\/agora.xtec.cat\/ceip-joan-coret\/wp-json\/wp\/v2\/posts"}],"about":[{"href":"https:\/\/agora.xtec.cat\/ceip-joan-coret\/wp-json\/wp\/v2\/types\/post"}],"author":[{"embeddable":true,"href":"https:\/\/agora.xtec.cat\/ceip-joan-coret\/wp-json\/wp\/v2\/users\/3"}],"replies":[{"embeddable":true,"href":"https:\/\/agora.xtec.cat\/ceip-joan-coret\/wp-json\/wp\/v2\/comments?post=1692"}],"version-history":[{"count":1,"href":"https:\/\/agora.xtec.cat\/ceip-joan-coret\/wp-json\/wp\/v2\/posts\/1692\/revisions"}],"predecessor-version":[{"id":1693,"href":"https:\/\/agora.xtec.cat\/ceip-joan-coret\/wp-json\/wp\/v2\/posts\/1692\/revisions\/1693"}],"wp:attachment":[{"href":"https:\/\/agora.xtec.cat\/ceip-joan-coret\/wp-json\/wp\/v2\/media?parent=1692"}],"wp:term":[{"taxonomy":"category","embeddable":true,"href":"https:\/\/agora.xtec.cat\/ceip-joan-coret\/wp-json\/wp\/v2\/categories?post=1692"},{"taxonomy":"post_tag","embeddable":true,"href":"https:\/\/agora.xtec.cat\/ceip-joan-coret\/wp-json\/wp\/v2\/tags?post=1692"}],"curies":[{"name":"wp","href":"https:\/\/api.w.org\/{rel}","templated":true}]}}