{"id":1627,"date":"2018-06-29T10:04:53","date_gmt":"2018-06-29T08:04:53","guid":{"rendered":"http:\/\/agora.xtec.cat\/ceip-joan-coret\/?p=1627"},"modified":"2019-01-18T13:32:29","modified_gmt":"2019-01-18T12:32:29","slug":"mosaic-romas","status":"publish","type":"post","link":"https:\/\/agora.xtec.cat\/ceip-joan-coret\/infantil\/i3\/mosaic-romas\/","title":{"rendered":"Mosaic Rom\u00e0"},"content":{"rendered":"<p>Dins els taller de la setmana cultural, seguim amb el taller de Mosaic Rom\u00e0. Aqu\u00ed podeu veure les fotos!<\/p>\n<p><a href=\"https:\/\/photos.app.goo.gl\/bsEMSz1wrE55BvR27\" target=\"_blank\" rel=\"noopener noreferrer\">https:\/\/photos.app.goo.gl\/bsEMSz1wrE55BvR27<\/a><\/p>\n","protected":false},"excerpt":{"rendered":"<p>Dins els taller de la setmana cultural, seguim amb el taller de Mosaic Rom\u00e0. Aqu\u00ed podeu veure les fotos!<br \/>\n<a href=\"https:\/\/photos.app.goo.gl\/bsEMSz1wrE55BvR27\" target=\"_blank\" rel=\"noopener noreferrer\">https:\/\/photos.app.goo.gl\/bsEMSz1wrE55BvR27<\/a><\/p>\n","protected":false},"author":3,"featured_media":0,"comment_status":"open","ping_status":"closed","sticky":false,"template":"","format":"standard","meta":{"_bbp_topic_count":0,"_bbp_reply_count":0,"_bbp_total_topic_count":0,"_bbp_total_reply_count":0,"_bbp_voice_count":0,"_bbp_anonymous_reply_count":0,"_bbp_topic_count_hidden":0,"_bbp_reply_count_hidden":0,"_bbp_forum_subforum_count":0,"footnotes":""},"categories":[3,8,9,4],"tags":[88,164],"class_list":["post-1627","post","type-post","status-publish","format-standard","hentry","category-i3","category-i4","category-i5","category-portada","tag-ed-infantil","tag-mosaic"],"post_mailing_queue_ids":[],"_links":{"self":[{"href":"https:\/\/agora.xtec.cat\/ceip-joan-coret\/wp-json\/wp\/v2\/posts\/1627","targetHints":{"allow":["GET"]}}],"collection":[{"href":"https:\/\/agora.xtec.cat\/ceip-joan-coret\/wp-json\/wp\/v2\/posts"}],"about":[{"href":"https:\/\/agora.xtec.cat\/ceip-joan-coret\/wp-json\/wp\/v2\/types\/post"}],"author":[{"embeddable":true,"href":"https:\/\/agora.xtec.cat\/ceip-joan-coret\/wp-json\/wp\/v2\/users\/3"}],"replies":[{"embeddable":true,"href":"https:\/\/agora.xtec.cat\/ceip-joan-coret\/wp-json\/wp\/v2\/comments?post=1627"}],"version-history":[{"count":2,"href":"https:\/\/agora.xtec.cat\/ceip-joan-coret\/wp-json\/wp\/v2\/posts\/1627\/revisions"}],"predecessor-version":[{"id":1783,"href":"https:\/\/agora.xtec.cat\/ceip-joan-coret\/wp-json\/wp\/v2\/posts\/1627\/revisions\/1783"}],"wp:attachment":[{"href":"https:\/\/agora.xtec.cat\/ceip-joan-coret\/wp-json\/wp\/v2\/media?parent=1627"}],"wp:term":[{"taxonomy":"category","embeddable":true,"href":"https:\/\/agora.xtec.cat\/ceip-joan-coret\/wp-json\/wp\/v2\/categories?post=1627"},{"taxonomy":"post_tag","embeddable":true,"href":"https:\/\/agora.xtec.cat\/ceip-joan-coret\/wp-json\/wp\/v2\/tags?post=1627"}],"curies":[{"name":"wp","href":"https:\/\/api.w.org\/{rel}","templated":true}]}}