{"id":1625,"date":"2018-06-29T10:01:40","date_gmt":"2018-06-29T08:01:40","guid":{"rendered":"http:\/\/agora.xtec.cat\/ceip-joan-coret\/?p=1625"},"modified":"2018-06-29T10:01:40","modified_gmt":"2018-06-29T08:01:40","slug":"fem-basquet-p-5","status":"publish","type":"post","link":"https:\/\/agora.xtec.cat\/ceip-joan-coret\/portada\/fem-basquet-p-5\/","title":{"rendered":"Fem b\u00e0squet P-5"},"content":{"rendered":"<p>Seguim amb la setmana cultural. Si hi ha un esport que representa a Badalona, aquest \u00e9s el B\u00e0squet. Aqu\u00ed a l&#8217;escola no ens estem de poder gaudir d&#8217;aquest esport. Voleu veure les fotos?<\/p>\n<p><a href=\"https:\/\/photos.app.goo.gl\/8KfNakEM44zX3bXo8\" target=\"_blank\" rel=\"noopener noreferrer\">https:\/\/photos.app.goo.gl\/8KfNakEM44zX3bXo8<\/a><\/p>\n","protected":false},"excerpt":{"rendered":"<p>Seguim amb la setmana cultural. Si hi ha un esport que representa a Badalona, aquest \u00e9s el B\u00e0squet. Aqu\u00ed a l&#8217;escola no ens estem de poder gaudir d&#8217;aquest esport. Voleu veure les fotos?<br \/>\n<a href=\"https:\/\/photos.app.goo.gl\/8KfNakEM44zX3bXo8\" target=\"_blank\" rel=\"noopener noreferrer\">https:\/\/photos.app.goo.gl\/8KfNakEM44zX3bXo8<\/a><\/p>\n","protected":false},"author":3,"featured_media":0,"comment_status":"open","ping_status":"closed","sticky":false,"template":"","format":"standard","meta":{"_bbp_topic_count":0,"_bbp_reply_count":0,"_bbp_total_topic_count":0,"_bbp_total_reply_count":0,"_bbp_voice_count":0,"_bbp_anonymous_reply_count":0,"_bbp_topic_count_hidden":0,"_bbp_reply_count_hidden":0,"_bbp_forum_subforum_count":0,"footnotes":""},"categories":[9,4],"tags":[163,88,151],"class_list":["post-1625","post","type-post","status-publish","format-standard","hentry","category-i5","category-portada","tag-basquet","tag-ed-infantil","tag-p-5"],"post_mailing_queue_ids":[],"_links":{"self":[{"href":"https:\/\/agora.xtec.cat\/ceip-joan-coret\/wp-json\/wp\/v2\/posts\/1625","targetHints":{"allow":["GET"]}}],"collection":[{"href":"https:\/\/agora.xtec.cat\/ceip-joan-coret\/wp-json\/wp\/v2\/posts"}],"about":[{"href":"https:\/\/agora.xtec.cat\/ceip-joan-coret\/wp-json\/wp\/v2\/types\/post"}],"author":[{"embeddable":true,"href":"https:\/\/agora.xtec.cat\/ceip-joan-coret\/wp-json\/wp\/v2\/users\/3"}],"replies":[{"embeddable":true,"href":"https:\/\/agora.xtec.cat\/ceip-joan-coret\/wp-json\/wp\/v2\/comments?post=1625"}],"version-history":[{"count":1,"href":"https:\/\/agora.xtec.cat\/ceip-joan-coret\/wp-json\/wp\/v2\/posts\/1625\/revisions"}],"predecessor-version":[{"id":1626,"href":"https:\/\/agora.xtec.cat\/ceip-joan-coret\/wp-json\/wp\/v2\/posts\/1625\/revisions\/1626"}],"wp:attachment":[{"href":"https:\/\/agora.xtec.cat\/ceip-joan-coret\/wp-json\/wp\/v2\/media?parent=1625"}],"wp:term":[{"taxonomy":"category","embeddable":true,"href":"https:\/\/agora.xtec.cat\/ceip-joan-coret\/wp-json\/wp\/v2\/categories?post=1625"},{"taxonomy":"post_tag","embeddable":true,"href":"https:\/\/agora.xtec.cat\/ceip-joan-coret\/wp-json\/wp\/v2\/tags?post=1625"}],"curies":[{"name":"wp","href":"https:\/\/api.w.org\/{rel}","templated":true}]}}