{"id":1613,"date":"2018-06-28T21:45:54","date_gmt":"2018-06-28T19:45:54","guid":{"rendered":"http:\/\/agora.xtec.cat\/ceip-joan-coret\/?p=1613"},"modified":"2018-06-28T21:45:54","modified_gmt":"2018-06-28T19:45:54","slug":"mercat-i-cloenda-projecte-cultura-emprenedora-a-lescola","status":"publish","type":"post","link":"https:\/\/agora.xtec.cat\/ceip-joan-coret\/general\/mercat-i-cloenda-projecte-cultura-emprenedora-a-lescola\/","title":{"rendered":"Mercat i cloenda projecte cultura emprenedora a l&#8217;escola"},"content":{"rendered":"<p>El passat dia 8 de juny, els i les alumnes de 5\u00e8 vam anar al mercat de Montigal\u00e0 a vendre els productes que hem estat fabricant durant el 3r trimestre. La venda va ser tot un \u00e8xit i ens ho vam passar genial!<\/p>\n<p>Com a cloenda de tot aquest projecte que hem dut a terme durant tot el curs, el dia 12 de juny vam assistir a l&#8217;institut Pau Casals per fer el tancament juntament amb les altres cooperatives de la ciutat. All\u00e0 vam poder fer entrega del 10% dels beneficis obtinguts a les ONGs triades.<\/p>\n<p>Ha estat una experi\u00e8ncia molt enriquidora.<\/p>\n","protected":false},"excerpt":{"rendered":"<p>El passat dia 8 de juny, els i les alumnes de 5\u00e8 vam anar al mercat de Montigal\u00e0 a vendre els productes que hem estat fabricant durant el 3r trimestre. La venda va ser tot un \u00e8xit i ens ho vam passar genial!<br \/>\nCom a cloenda&hellip;  <a href=\"https:\/\/agora.xtec.cat\/ceip-joan-coret\/general\/mercat-i-cloenda-projecte-cultura-emprenedora-a-lescola\/\" title=\"Read Mercat i cloenda projecte cultura emprenedora a l&#8217;escola\">Llegeix m\u00e9s\u00bb<\/a><\/p>\n","protected":false},"author":2,"featured_media":0,"comment_status":"open","ping_status":"closed","sticky":false,"template":"","format":"standard","meta":{"_bbp_topic_count":0,"_bbp_reply_count":0,"_bbp_total_topic_count":0,"_bbp_total_reply_count":0,"_bbp_voice_count":0,"_bbp_anonymous_reply_count":0,"_bbp_topic_count_hidden":0,"_bbp_reply_count_hidden":0,"_bbp_forum_subforum_count":0,"footnotes":""},"categories":[14,1,4],"tags":[],"class_list":["post-1613","post","type-post","status-publish","format-standard","hentry","category-5e","category-general","category-portada"],"post_mailing_queue_ids":[],"_links":{"self":[{"href":"https:\/\/agora.xtec.cat\/ceip-joan-coret\/wp-json\/wp\/v2\/posts\/1613","targetHints":{"allow":["GET"]}}],"collection":[{"href":"https:\/\/agora.xtec.cat\/ceip-joan-coret\/wp-json\/wp\/v2\/posts"}],"about":[{"href":"https:\/\/agora.xtec.cat\/ceip-joan-coret\/wp-json\/wp\/v2\/types\/post"}],"author":[{"embeddable":true,"href":"https:\/\/agora.xtec.cat\/ceip-joan-coret\/wp-json\/wp\/v2\/users\/2"}],"replies":[{"embeddable":true,"href":"https:\/\/agora.xtec.cat\/ceip-joan-coret\/wp-json\/wp\/v2\/comments?post=1613"}],"version-history":[{"count":1,"href":"https:\/\/agora.xtec.cat\/ceip-joan-coret\/wp-json\/wp\/v2\/posts\/1613\/revisions"}],"predecessor-version":[{"id":1614,"href":"https:\/\/agora.xtec.cat\/ceip-joan-coret\/wp-json\/wp\/v2\/posts\/1613\/revisions\/1614"}],"wp:attachment":[{"href":"https:\/\/agora.xtec.cat\/ceip-joan-coret\/wp-json\/wp\/v2\/media?parent=1613"}],"wp:term":[{"taxonomy":"category","embeddable":true,"href":"https:\/\/agora.xtec.cat\/ceip-joan-coret\/wp-json\/wp\/v2\/categories?post=1613"},{"taxonomy":"post_tag","embeddable":true,"href":"https:\/\/agora.xtec.cat\/ceip-joan-coret\/wp-json\/wp\/v2\/tags?post=1613"}],"curies":[{"name":"wp","href":"https:\/\/api.w.org\/{rel}","templated":true}]}}