{"id":1598,"date":"2018-06-28T11:01:17","date_gmt":"2018-06-28T09:01:17","guid":{"rendered":"http:\/\/agora.xtec.cat\/ceip-joan-coret\/?p=1598"},"modified":"2018-06-28T11:01:17","modified_gmt":"2018-06-28T09:01:17","slug":"fem-cagar-el-tio-a-ed-infantil","status":"publish","type":"post","link":"https:\/\/agora.xtec.cat\/ceip-joan-coret\/infantil\/i3\/fem-cagar-el-tio-a-ed-infantil\/","title":{"rendered":"Fem cagar el Ti\u00f3 a Ed. Infantil"},"content":{"rendered":"<p>Us presentem un seguit de fotos de tots els grups d&#8217;Educaci\u00f3 Infantil fent cagar el Ti\u00f3. Cantant i amb regals ens ho vam passar molt b\u00e9!<\/p>\n<p><a href=\"https:\/\/photos.app.goo.gl\/CmQh87G6H1HboyEA9\" target=\"_blank\" rel=\"noopener noreferrer\">https:\/\/photos.app.goo.gl\/CmQh87G6H1HboyEA9<\/a><\/p>\n","protected":false},"excerpt":{"rendered":"<p>Us presentem un seguit de fotos de tots els grups d&#8217;Educaci\u00f3 Infantil fent cagar el Ti\u00f3. Cantant i amb regals ens ho vam passar molt b\u00e9!<br \/>\n<a href=\"https:\/\/photos.app.goo.gl\/CmQh87G6H1HboyEA9\" target=\"_blank\" rel=\"noopener noreferrer\">https:\/\/photos.app.goo.gl\/CmQh87G6H1HboyEA9<\/a><\/p>\n","protected":false},"author":3,"featured_media":0,"comment_status":"open","ping_status":"closed","sticky":false,"template":"","format":"standard","meta":{"_bbp_topic_count":0,"_bbp_reply_count":0,"_bbp_total_topic_count":0,"_bbp_total_reply_count":0,"_bbp_voice_count":0,"_bbp_anonymous_reply_count":0,"_bbp_topic_count_hidden":0,"_bbp_reply_count_hidden":0,"_bbp_forum_subforum_count":0,"footnotes":""},"categories":[3,8,9,4],"tags":[156,88],"class_list":["post-1598","post","type-post","status-publish","format-standard","hentry","category-i3","category-i4","category-i5","category-portada","tag-caga-tio","tag-ed-infantil"],"post_mailing_queue_ids":[],"_links":{"self":[{"href":"https:\/\/agora.xtec.cat\/ceip-joan-coret\/wp-json\/wp\/v2\/posts\/1598","targetHints":{"allow":["GET"]}}],"collection":[{"href":"https:\/\/agora.xtec.cat\/ceip-joan-coret\/wp-json\/wp\/v2\/posts"}],"about":[{"href":"https:\/\/agora.xtec.cat\/ceip-joan-coret\/wp-json\/wp\/v2\/types\/post"}],"author":[{"embeddable":true,"href":"https:\/\/agora.xtec.cat\/ceip-joan-coret\/wp-json\/wp\/v2\/users\/3"}],"replies":[{"embeddable":true,"href":"https:\/\/agora.xtec.cat\/ceip-joan-coret\/wp-json\/wp\/v2\/comments?post=1598"}],"version-history":[{"count":1,"href":"https:\/\/agora.xtec.cat\/ceip-joan-coret\/wp-json\/wp\/v2\/posts\/1598\/revisions"}],"predecessor-version":[{"id":1599,"href":"https:\/\/agora.xtec.cat\/ceip-joan-coret\/wp-json\/wp\/v2\/posts\/1598\/revisions\/1599"}],"wp:attachment":[{"href":"https:\/\/agora.xtec.cat\/ceip-joan-coret\/wp-json\/wp\/v2\/media?parent=1598"}],"wp:term":[{"taxonomy":"category","embeddable":true,"href":"https:\/\/agora.xtec.cat\/ceip-joan-coret\/wp-json\/wp\/v2\/categories?post=1598"},{"taxonomy":"post_tag","embeddable":true,"href":"https:\/\/agora.xtec.cat\/ceip-joan-coret\/wp-json\/wp\/v2\/tags?post=1598"}],"curies":[{"name":"wp","href":"https:\/\/api.w.org\/{rel}","templated":true}]}}