{"id":1592,"date":"2018-06-28T10:48:29","date_gmt":"2018-06-28T08:48:29","guid":{"rendered":"http:\/\/agora.xtec.cat\/ceip-joan-coret\/?p=1592"},"modified":"2018-06-28T10:48:29","modified_gmt":"2018-06-28T08:48:29","slug":"exposicio-picasso-ed-infantil","status":"publish","type":"post","link":"https:\/\/agora.xtec.cat\/ceip-joan-coret\/infantil\/i3\/exposicio-picasso-ed-infantil\/","title":{"rendered":"Exposici\u00f3 Picasso Ed.Infantil"},"content":{"rendered":"<p>Aqu\u00ed teniu les fotos de l&#8217;Exposici\u00f3 de Picasso a Educaci\u00f3 Infantil. Esperem que us agradin!<\/p>\n<p><a href=\"https:\/\/photos.app.goo.gl\/3pd5PdtYwApibVZv8\" target=\"_blank\" rel=\"noopener noreferrer\">https:\/\/photos.app.goo.gl\/3pd5PdtYwApibVZv8<\/a><\/p>\n","protected":false},"excerpt":{"rendered":"<p>Aqu\u00ed teniu les fotos de l&#8217;Exposici\u00f3 de Picasso a Educaci\u00f3 Infantil. Esperem que us agradin!<br \/>\n<a href=\"https:\/\/photos.app.goo.gl\/3pd5PdtYwApibVZv8\" target=\"_blank\" rel=\"noopener noreferrer\">https:\/\/photos.app.goo.gl\/3pd5PdtYwApibVZv8<\/a><\/p>\n","protected":false},"author":3,"featured_media":0,"comment_status":"open","ping_status":"closed","sticky":false,"template":"","format":"standard","meta":{"_bbp_topic_count":0,"_bbp_reply_count":0,"_bbp_total_topic_count":0,"_bbp_total_reply_count":0,"_bbp_voice_count":0,"_bbp_anonymous_reply_count":0,"_bbp_topic_count_hidden":0,"_bbp_reply_count_hidden":0,"_bbp_forum_subforum_count":0,"footnotes":""},"categories":[3,8,9,4],"tags":[88,154],"class_list":["post-1592","post","type-post","status-publish","format-standard","hentry","category-i3","category-i4","category-i5","category-portada","tag-ed-infantil","tag-picasso"],"post_mailing_queue_ids":[],"_links":{"self":[{"href":"https:\/\/agora.xtec.cat\/ceip-joan-coret\/wp-json\/wp\/v2\/posts\/1592","targetHints":{"allow":["GET"]}}],"collection":[{"href":"https:\/\/agora.xtec.cat\/ceip-joan-coret\/wp-json\/wp\/v2\/posts"}],"about":[{"href":"https:\/\/agora.xtec.cat\/ceip-joan-coret\/wp-json\/wp\/v2\/types\/post"}],"author":[{"embeddable":true,"href":"https:\/\/agora.xtec.cat\/ceip-joan-coret\/wp-json\/wp\/v2\/users\/3"}],"replies":[{"embeddable":true,"href":"https:\/\/agora.xtec.cat\/ceip-joan-coret\/wp-json\/wp\/v2\/comments?post=1592"}],"version-history":[{"count":1,"href":"https:\/\/agora.xtec.cat\/ceip-joan-coret\/wp-json\/wp\/v2\/posts\/1592\/revisions"}],"predecessor-version":[{"id":1593,"href":"https:\/\/agora.xtec.cat\/ceip-joan-coret\/wp-json\/wp\/v2\/posts\/1592\/revisions\/1593"}],"wp:attachment":[{"href":"https:\/\/agora.xtec.cat\/ceip-joan-coret\/wp-json\/wp\/v2\/media?parent=1592"}],"wp:term":[{"taxonomy":"category","embeddable":true,"href":"https:\/\/agora.xtec.cat\/ceip-joan-coret\/wp-json\/wp\/v2\/categories?post=1592"},{"taxonomy":"post_tag","embeddable":true,"href":"https:\/\/agora.xtec.cat\/ceip-joan-coret\/wp-json\/wp\/v2\/tags?post=1592"}],"curies":[{"name":"wp","href":"https:\/\/api.w.org\/{rel}","templated":true}]}}